{"id":5270,"date":"2023-08-02T21:40:00","date_gmt":"2023-08-02T19:40:00","guid":{"rendered":"https:\/\/www.an-na-design.com\/webseite\/?p=5270"},"modified":"2024-03-01T12:27:05","modified_gmt":"2024-03-01T11:27:05","slug":"new-zealand-east-life-magazine-neuseeland-juli-2022","status":"publish","type":"post","link":"https:\/\/www.an-na-design.com\/webseite\/new-zealand-east-life-magazine-neuseeland-juli-2022\/","title":{"rendered":"Presse in Neuseeland &#038; Deutschland"},"content":{"rendered":"\n<h1 class=\"wp-block-heading has-large-font-size\">&#8222;New Zealand East Life Magazine&#8220;, Neuseeland, Juli 2023<\/h1>\n\n\n\n<div class=\"wp-block-atomion-block-content-box-1-1\"><div class=\"content-box-content\" style=\"text-align:left\"><span class=\"pre-headline\" style=\"color:#0693e3\">Ein Magazin in Neuseeland berichtet \u00fcber AN-NA Design<\/span><h3><\/h3><p>Das &#8222;New Zealand East Life Magazine&#8220; bringt in der Juli-Ausgabe einen Artikel \u00fcber AN-NA Design. Wow, ich bin stolz &#8211; am anderen Ende der Welt wird \u00fcber meine Manufaktur geschrieben. Der Beitrag beginnt mit einer Aufforderung an die Neuseel\u00e4nder &#8222;Haltet das Grau in Schach&#8220; und er empfiehlt meine Kissen mit den starken Farben gegen den neuseel\u00e4ndischen Winter-Blues.<\/p><\/div><\/div>\n\n\n\n<div class=\"wp-block-buttons is-layout-flex wp-block-buttons-is-layout-flex\">\n<div class=\"wp-block-button is-style-fill\"><a class=\"wp-block-button__link has-white-color has-vivid-cyan-blue-background-color has-text-color has-background wp-element-button\" href=\"https:\/\/www.an-na-design.com\/webseite\/shop\/\" style=\"border-radius:0px\">hier geht es zu den farbigen Kissen<\/a><\/div>\n<\/div>\n\n\n\n<figure class=\"wp-block-gallery has-nested-images columns-default is-cropped wp-block-gallery-1 is-layout-flex wp-block-gallery-is-layout-flex\">\n<figure class=\"wp-block-image size-large is-style-default\"><img loading=\"lazy\" decoding=\"async\" width=\"436\" height=\"628\" data-id=\"5273\" src=\"https:\/\/www.an-na-design.com\/webseite\/wp-content\/uploads\/2023\/11\/AN-NA_Design_East_Life_Magazine-1.jpg\" alt=\"AN-NA Design in einem Artikel im East Life Magazine aus Neuseeland.\" class=\"wp-image-5273\" srcset=\"https:\/\/www.an-na-design.com\/webseite\/wp-content\/uploads\/2023\/11\/AN-NA_Design_East_Life_Magazine-1.jpg 436w, https:\/\/www.an-na-design.com\/webseite\/wp-content\/uploads\/2023\/11\/AN-NA_Design_East_Life_Magazine-1-208x300.jpg 208w, https:\/\/www.an-na-design.com\/webseite\/wp-content\/uploads\/2023\/11\/AN-NA_Design_East_Life_Magazine-1-187x270.jpg 187w\" sizes=\"auto, (max-width: 436px) 100vw, 436px\" \/><figcaption class=\"wp-element-caption\">AN-NA Design in einem Artikel im East Life Magazine aus Neuseeland.<\/figcaption><\/figure>\n\n\n\n<figure class=\"wp-block-image size-large is-style-default\"><img loading=\"lazy\" decoding=\"async\" width=\"474\" height=\"650\" data-id=\"5274\" src=\"https:\/\/www.an-na-design.com\/webseite\/wp-content\/uploads\/2023\/11\/AN-NA_Design_East_Life_Magazine-2.jpg\" alt=\"AN-NA Design in einem Artikel im East Life Magazine aus Neuseeland, hier mit Kissen-Fotos.\" class=\"wp-image-5274\" srcset=\"https:\/\/www.an-na-design.com\/webseite\/wp-content\/uploads\/2023\/11\/AN-NA_Design_East_Life_Magazine-2.jpg 474w, https:\/\/www.an-na-design.com\/webseite\/wp-content\/uploads\/2023\/11\/AN-NA_Design_East_Life_Magazine-2-219x300.jpg 219w, https:\/\/www.an-na-design.com\/webseite\/wp-content\/uploads\/2023\/11\/AN-NA_Design_East_Life_Magazine-2-197x270.jpg 197w\" sizes=\"auto, (max-width: 474px) 100vw, 474px\" \/><figcaption class=\"wp-element-caption\">AN-NA Design Kissen sind besondere \nGeschenke f\u00fcr Sie und Ihn und aufgrund der Farbigkeit helfen sie gegen den Winter-Blues.<\/figcaption><\/figure>\n<\/figure>\n\n\n\n<p><\/p>\n\n\n\n<div class=\"wp-block-atomion-block-content-box-1-1\"><div class=\"content-box-content\" style=\"text-align:left\"><span class=\"pre-headline\" style=\"color:#0693e3\"><\/span><h3><\/h3><p>Rasch mal recherchiert und siehe da: Der Winter findet in Neuseeland von Juni bis September statt. Der Artikel zeigt 2 Fotos von AN-NA Design Kissen in unterschiedlichen Gr\u00f6\u00dfen, beide aus der Produktreihe Limited Editions. Von beiden gibt es \u00fcbrigens zurzeit noch einige Exemplare in meinem Shop zu kaufen.<br\/>Das Kissen in der Gr\u00f6\u00dfe 30 x 50 cm hat die Bezeichnung <a href=\"https:\/\/www.an-na-design.com\/webseite\/produkt\/kissen-ltd-k1-groesse-30-x-50-cm\/\"><strong>LTD K1<\/strong><\/a>. Das zweite Kissen in der Gr\u00f6\u00dfe 40 x 50 cm hei\u00dft <a href=\"https:\/\/www.an-na-design.com\/webseite\/produkt\/kissen-ltd-d2-groesse-40-x-50-cm\/\"><strong>LTD-D2<\/strong><\/a>.<br\/>Weiter beschreibt der Artikel, dass AN-NA Design auch passendes <a href=\"https:\/\/www.an-na-design.com\/webseite\/produkt-kategorie\/wand-design\/\"><strong>Wanddesign<\/strong><\/a> anbietet, so dass sich Kissen und Wanddesign farblich erg\u00e4nzen k\u00f6nnen.<\/p><\/div><\/div>\n\n\n\n<div class=\"wp-block-buttons is-layout-flex wp-block-buttons-is-layout-flex\">\n<div class=\"wp-block-button\"><a class=\"wp-block-button__link has-white-color has-vivid-cyan-blue-background-color has-text-color has-background wp-element-button\" href=\"https:\/\/www.an-na-design.com\/webseite\/produkt-kategorie\/limited-edition-kissen-an-na-design\/\" style=\"border-radius:0px\">zu den Limited Edition Kissen<\/a><\/div>\n<\/div>\n\n\n\n<p><\/p>\n\n\n\n<div class=\"wp-block-buttons is-layout-flex wp-block-buttons-is-layout-flex\">\n<div class=\"wp-block-button has-custom-font-size is-style-outline has-medium-font-size is-style-outline--2\"><a class=\"wp-block-button__link has-white-color has-vivid-cyan-blue-background-color has-text-color has-background wp-element-button\" href=\"https:\/\/www.an-na-design.com\/webseite\/4896-2\/\" style=\"border-radius:0px\" rel=\"\">Presse in China, Magazin &#8222;Rayli Home&#8220;<\/a><\/div>\n<\/div>\n\n\n\n<p><\/p>\n\n\n\n<div class=\"wp-block-buttons is-layout-flex wp-block-buttons-is-layout-flex\">\n<div class=\"wp-block-button has-custom-font-size is-style-fill has-medium-font-size\"><a class=\"wp-block-button__link has-white-color has-vivid-cyan-blue-background-color has-text-color has-background wp-element-button\" href=\"https:\/\/www.an-na-design.com\/webseite\/presse\/\" style=\"border-radius:0px\">Presse in Australien und Indonesien<\/a><\/div>\n<\/div>\n\n\n\n<p><\/p>\n\n\n\n<h1 class=\"wp-block-heading has-large-font-size\">United Networker Magazin \u00fcber AN-NA Design, August 2023<\/h1>\n\n\n\n<div class=\"wp-block-atomion-block-content-box-1-1\"><div class=\"content-box-content\" style=\"text-align:left\"><span class=\"pre-headline\" style=\"color:#37B9E3\">Die Online Ausgabe des Wirtschaftsmagazins United Networker bringt einen Artikel \u00fcber meine Kunst-Kissen<\/span><h3><\/h3><p><\/p><\/div><\/div>\n\n\n\n<figure class=\"wp-block-image size-full is-style-default\"><img loading=\"lazy\" decoding=\"async\" width=\"520\" height=\"714\" src=\"https:\/\/www.an-na-design.com\/webseite\/wp-content\/uploads\/2022\/07\/AN-NA_Design_Kissen_edle_Geschenke.jpg\" alt=\"Presse \u00fcber AN-NA Design. Hier berichtet das Magazin United Networker \u00fcber die Kunst-Kissen von AN-NA Design.\" class=\"wp-image-5301\" srcset=\"https:\/\/www.an-na-design.com\/webseite\/wp-content\/uploads\/2022\/07\/AN-NA_Design_Kissen_edle_Geschenke.jpg 520w, https:\/\/www.an-na-design.com\/webseite\/wp-content\/uploads\/2022\/07\/AN-NA_Design_Kissen_edle_Geschenke-218x300.jpg 218w, https:\/\/www.an-na-design.com\/webseite\/wp-content\/uploads\/2022\/07\/AN-NA_Design_Kissen_edle_Geschenke-197x270.jpg 197w\" sizes=\"auto, (max-width: 520px) 100vw, 520px\" \/><\/figure>\n\n\n\n<div class=\"wp-block-atomion-block-content-box-1-1\"><div class=\"content-box-content\" style=\"text-align:left\"><span class=\"pre-headline\" style=\"color:#0693e3\"><\/span><h3>&#8222;Kissen als visuelle Highlights&#8220;<\/h3><p>Hier seht Ihr zwei meiner Kunst-Kissen, fotografiert auf dem Dach eines malerischen Gartenh\u00e4uschens im Bergischen Land. <br\/>Beide Kissen haben die Gr\u00f6\u00dfe 30 x 50 cm. Es sind Unikate.<br\/>Ein Unikat von AN-NA Design wird nur einmal hergestellt &#8211; das wird zertifiziert.<br\/><br\/>Ich habe die Kissen bemalt und bedruckt, mit Aquarell-, Stoff- und Acrylfarben. Es gibt weitere Kunstkissen, die ich zus\u00e4tzlich bestickt habe, zum Beispiel mit Filzkordel. Die Kunst-Kissen sind als Kunstobjekte gedacht, nicht als Wohnkissen f\u00fcr das Sofa. Auf der R\u00fcckseite sind Schlaufen als Aufh\u00e4nger befestigt. Damit k\u00f6nnen sie an der Wand befestigt werden &#8211; eine echte Alternative zu Bildern. Eine andere M\u00f6glichkeit: Sie k\u00f6nnen als Objekte in einer Vitrine ausgestellt werden, oder auf einem sch\u00f6nen Regal.<br\/><br\/>Aufgrund der starken Farben brauchen die Kunst-Kissen etwas Freiraum, damit sie gut wirken k\u00f6nnen.<br\/>Bitte nicht waschen! Hier geht es um Kunst, nicht um den Kuschel-Faktor.<br\/><br\/>Aktuell sind 3 Kunst-Kissen verf\u00fcgbar. Sie sind als eigene Kategorie in meinem Shop eingestellt mit der Bezeichnung &#8222;Kissen-Objekte&#8220; und k\u00f6nnen, wie die anderen Kissen auch, online bestellt werden. Sie werden mit einem Feder-Inlett geliefert und nat\u00fcrlich auch mit einem Zertifikat von AN-NA Design.<\/p><\/div><\/div>\n\n\n\n<div class=\"wp-block-buttons is-layout-flex wp-block-buttons-is-layout-flex\">\n<div class=\"wp-block-button has-custom-font-size is-style-outline has-medium-font-size is-style-outline--3\"><a class=\"wp-block-button__link has-white-color has-vivid-cyan-blue-background-color has-text-color has-background wp-element-button\" href=\"https:\/\/www.an-na-design.com\/webseite\/produkt-kategorie\/exklusive-kissen-objekte-von-an-na-design-handbedruckt-und-bemalt\/\" style=\"border-radius:0px\">zu den Kunst-Kissen<\/a><\/div>\n<\/div>\n\n\n\n<h4 class=\"wp-block-heading\"><\/h4>\n\n\n\n<p><\/p>\n\n\n\n<figure class=\"wp-block-gallery has-nested-images columns-default wp-block-gallery-4 is-layout-flex wp-block-gallery-is-layout-flex\"><\/figure>\n\n\n\n<p><\/p>\n\n\n\n<figure class=\"wp-block-gallery has-nested-images columns-default wp-block-gallery-5 is-layout-flex wp-block-gallery-is-layout-flex\"><\/figure>\n\n\n\n<h2 class=\"wp-block-heading\"><\/h2>\n\n\n\n<p><\/p>\n\n\n\n<h2 class=\"wp-block-heading has-large-font-size\"><\/h2>\n\n\n\n<p><\/p>\n\n\n\n<figure class=\"wp-block-gallery has-nested-images columns-default is-cropped wp-block-gallery-6 is-layout-flex wp-block-gallery-is-layout-flex\"><\/figure>\n\n\n\n<h2 class=\"wp-block-heading has-large-font-size\"><\/h2>\n\n\n\n<p><\/p>\n\n\n\n<p><\/p>\n\n\n\n<p><\/p>\n\n\n\n<p><\/p>\n\n\n\n<p><\/p>\n\n\n\n<h2 class=\"wp-block-heading\"><\/h2>\n\n\n\n<div class=\"wp-block-atomion-block-content-box-1-1\"><div class=\"content-box-content\" style=\"text-align:left\"><span class=\"pre-headline\" style=\"color:#37B9E3\"><\/span><h3><\/h3><p><\/p><\/div><\/div>\n\n\n\n<p><\/p>\n","protected":false},"excerpt":{"rendered":"<p>Das &#8222;New Zealand East Life Magazine&#8220; berichtet in der Juli-Ausgabe \u00fcber die deutsche Design Manufaktur AN-NA Design. <\/p>\n","protected":false},"author":1,"featured_media":0,"comment_status":"open","ping_status":"open","sticky":false,"template":"","format":"standard","meta":{"footnotes":""},"categories":[1],"tags":[128,152,89,130,95,291,252,251],"class_list":["post-5270","post","type-post","status-publish","format-standard","hentry","category-unkategorisiert","tag-an-na-design","tag-anna-von-der-heiden","tag-design","tag-kissen","tag-kunst","tag-presse","tag-tapete","tag-wanddesign"],"_links":{"self":[{"href":"https:\/\/www.an-na-design.com\/webseite\/wp-json\/wp\/v2\/posts\/5270","targetHints":{"allow":["GET"]}}],"collection":[{"href":"https:\/\/www.an-na-design.com\/webseite\/wp-json\/wp\/v2\/posts"}],"about":[{"href":"https:\/\/www.an-na-design.com\/webseite\/wp-json\/wp\/v2\/types\/post"}],"author":[{"embeddable":true,"href":"https:\/\/www.an-na-design.com\/webseite\/wp-json\/wp\/v2\/users\/1"}],"replies":[{"embeddable":true,"href":"https:\/\/www.an-na-design.com\/webseite\/wp-json\/wp\/v2\/comments?post=5270"}],"version-history":[{"count":3,"href":"https:\/\/www.an-na-design.com\/webseite\/wp-json\/wp\/v2\/posts\/5270\/revisions"}],"predecessor-version":[{"id":6214,"href":"https:\/\/www.an-na-design.com\/webseite\/wp-json\/wp\/v2\/posts\/5270\/revisions\/6214"}],"wp:attachment":[{"href":"https:\/\/www.an-na-design.com\/webseite\/wp-json\/wp\/v2\/media?parent=5270"}],"wp:term":[{"taxonomy":"category","embeddable":true,"href":"https:\/\/www.an-na-design.com\/webseite\/wp-json\/wp\/v2\/categories?post=5270"},{"taxonomy":"post_tag","embeddable":true,"href":"https:\/\/www.an-na-design.com\/webseite\/wp-json\/wp\/v2\/tags?post=5270"}],"curies":[{"name":"wp","href":"https:\/\/api.w.org\/{rel}","templated":true}]}}