{"id":4479,"date":"2021-02-11T22:57:59","date_gmt":"2021-02-11T21:57:59","guid":{"rendered":"https:\/\/www.an-na-design.com\/webseite\/?p=4479"},"modified":"2026-03-28T15:57:29","modified_gmt":"2026-03-28T14:57:29","slug":"get-the-look","status":"publish","type":"post","link":"https:\/\/www.an-na-design.com\/webseite\/get-the-look\/","title":{"rendered":"Get the Look!"},"content":{"rendered":"\n<h2 class=\"wp-block-heading has-black-color has-text-color\" style=\"text-transform:capitalize\">Wand-Design meets Kissen-Unikate<\/h2>\n\n\n\n<div class=\"wp-block-atomion-block-content-box-1-1\"><div class=\"content-box-content\" style=\"text-align:left\"><span class=\"pre-headline\" style=\"color:#37B9E3\"><\/span><h3><\/h3><p>So gut passt unser neues Wand-Design zu unseren Kissen.<br\/>Der perfekte Match, finden wir.  Zusammen ist es rund. Na ja &#8211; eher eckig, daf\u00fcr aber auf jeden Fall bunt.<br\/><\/p><\/div><\/div>\n\n\n\n<div class=\"wp-block-buttons is-content-justification-left is-layout-flex wp-container-core-buttons-is-layout-fdcfc74e wp-block-buttons-is-layout-flex\">\n<div class=\"wp-block-button has-custom-width wp-block-button__width-50 is-style-outline is-style-outline--1\" id=\"https:\/\/www.an-na-design.com\/webseite\/shop\/\"><a class=\"wp-block-button__link has-white-color has-text-color has-background has-link-color has-medium-font-size has-custom-font-size wp-element-button\" href=\"https:\/\/www.an-na-design.com\/webseite\/shop\/\" style=\"border-top-left-radius:0px;border-top-right-radius:0px;border-bottom-left-radius:0px;border-bottom-right-radius:0px;background-color:#542e7a\">zum Shop<\/a><\/div>\n<\/div>\n\n\n\n<p class=\"has-drop-cap\">AN-NA Design steht f\u00fcr au\u00dfergew\u00f6hnliche Farben. Farbdesign ist die St\u00e4rke der K\u00fcnstlerin Anna von der Heiden. <\/p>\n\n\n\n<p class=\"has-text-color\" style=\"color:#0071a1\"><\/p>\n\n\n\n<figure class=\"wp-block-gallery has-nested-images columns-default is-cropped wp-block-gallery-2 is-layout-flex wp-block-gallery-is-layout-flex\">\n<figure class=\"wp-block-image size-full\"><a href=\"https:\/\/www.an-na-design.com\/webseite\/wp-content\/uploads\/2024\/04\/AN-NA_Design_LTD_D5-1.jpg\" data-lbwps-width=\"1428\" data-lbwps-height=\"1428\" data-lbwps-srcsmall=\"https:\/\/www.an-na-design.com\/webseite\/wp-content\/uploads\/2024\/04\/AN-NA_Design_LTD_D5-1-300x300.jpg\" data-lbwps-caption=\"AN-NA Design bietet edle Kissen und besondere Geschenke, Design Manufaktur, made in Germany. Hier die Produktreihe Limited Editions.&lt;br \/&gt;\n\"><img loading=\"lazy\" decoding=\"async\" width=\"1428\" height=\"1428\" data-id=\"6249\" src=\"https:\/\/www.an-na-design.com\/webseite\/wp-content\/uploads\/2024\/04\/AN-NA_Design_LTD_D5-1.jpg\" alt=\"AN-NA Design, edle Kissen und besondere Geschenke. Hier ein Kissen aus der Produktlinie Limited Editions, Gr\u00f6\u00dfe 40 x 50 cm. Farben pistaziengr\u00fcn, gr\u00fcngelb, braun, beige.\" class=\"wp-image-6249\" srcset=\"https:\/\/www.an-na-design.com\/webseite\/wp-content\/uploads\/2024\/04\/AN-NA_Design_LTD_D5-1.jpg 1428w, https:\/\/www.an-na-design.com\/webseite\/wp-content\/uploads\/2024\/04\/AN-NA_Design_LTD_D5-1-300x300.jpg 300w, https:\/\/www.an-na-design.com\/webseite\/wp-content\/uploads\/2024\/04\/AN-NA_Design_LTD_D5-1-1024x1024.jpg 1024w, https:\/\/www.an-na-design.com\/webseite\/wp-content\/uploads\/2024\/04\/AN-NA_Design_LTD_D5-1-150x150.jpg 150w, https:\/\/www.an-na-design.com\/webseite\/wp-content\/uploads\/2024\/04\/AN-NA_Design_LTD_D5-1-768x768.jpg 768w, https:\/\/www.an-na-design.com\/webseite\/wp-content\/uploads\/2024\/04\/AN-NA_Design_LTD_D5-1-270x270.jpg 270w, https:\/\/www.an-na-design.com\/webseite\/wp-content\/uploads\/2024\/04\/AN-NA_Design_LTD_D5-1-400x400.jpg 400w, https:\/\/www.an-na-design.com\/webseite\/wp-content\/uploads\/2024\/04\/AN-NA_Design_LTD_D5-1-800x800.jpg 800w, https:\/\/www.an-na-design.com\/webseite\/wp-content\/uploads\/2024\/04\/AN-NA_Design_LTD_D5-1-200x200.jpg 200w\" sizes=\"auto, (max-width: 1428px) 100vw, 1428px\" \/><\/a><\/figure>\n\n\n\n<figure class=\"wp-block-image size-full\"><a href=\"https:\/\/www.an-na-design.com\/webseite\/wp-content\/uploads\/2021\/12\/Wanddesign_Anna_von_der_heiden_16-1-2.jpg\" data-lbwps-width=\"768\" data-lbwps-height=\"768\" data-lbwps-srcsmall=\"https:\/\/www.an-na-design.com\/webseite\/wp-content\/uploads\/2021\/12\/Wanddesign_Anna_von_der_heiden_16-1-2-300x300.jpg\" data-lbwps-caption=\"Wand-Design der K\u00fcnstlerin Anna von der Heiden, Bild 16-2\"><img loading=\"lazy\" decoding=\"async\" width=\"768\" height=\"768\" data-id=\"4778\" src=\"https:\/\/www.an-na-design.com\/webseite\/wp-content\/uploads\/2021\/12\/Wanddesign_Anna_von_der_heiden_16-1-2.jpg\" alt=\"Wand-Design der K\u00fcnstlerin Anna von der Heiden, 16-2\" class=\"wp-image-4778\" srcset=\"https:\/\/www.an-na-design.com\/webseite\/wp-content\/uploads\/2021\/12\/Wanddesign_Anna_von_der_heiden_16-1-2.jpg 768w, https:\/\/www.an-na-design.com\/webseite\/wp-content\/uploads\/2021\/12\/Wanddesign_Anna_von_der_heiden_16-1-2-300x300.jpg 300w, https:\/\/www.an-na-design.com\/webseite\/wp-content\/uploads\/2021\/12\/Wanddesign_Anna_von_der_heiden_16-1-2-150x150.jpg 150w, https:\/\/www.an-na-design.com\/webseite\/wp-content\/uploads\/2021\/12\/Wanddesign_Anna_von_der_heiden_16-1-2-270x270.jpg 270w, https:\/\/www.an-na-design.com\/webseite\/wp-content\/uploads\/2021\/12\/Wanddesign_Anna_von_der_heiden_16-1-2-400x400.jpg 400w, https:\/\/www.an-na-design.com\/webseite\/wp-content\/uploads\/2021\/12\/Wanddesign_Anna_von_der_heiden_16-1-2-200x200.jpg 200w\" sizes=\"auto, (max-width: 768px) 100vw, 768px\" \/><\/a><\/figure>\n\n\n\n<figure class=\"wp-block-image size-full\"><a href=\"https:\/\/www.an-na-design.com\/webseite\/wp-content\/uploads\/2020\/04\/AN_NA_Design_Unikat_2-2.jpg\" data-lbwps-width=\"900\" data-lbwps-height=\"900\" data-lbwps-srcsmall=\"https:\/\/www.an-na-design.com\/webseite\/wp-content\/uploads\/2020\/04\/AN_NA_Design_Unikat_2-2-300x300.jpg\"><img loading=\"lazy\" decoding=\"async\" width=\"900\" height=\"900\" data-id=\"4052\" src=\"https:\/\/www.an-na-design.com\/webseite\/wp-content\/uploads\/2020\/04\/AN_NA_Design_Unikat_2-2.jpg\" alt=\"Kissen-Unikate von AN-NA Design\" class=\"wp-image-4052\" srcset=\"https:\/\/www.an-na-design.com\/webseite\/wp-content\/uploads\/2020\/04\/AN_NA_Design_Unikat_2-2.jpg 900w, https:\/\/www.an-na-design.com\/webseite\/wp-content\/uploads\/2020\/04\/AN_NA_Design_Unikat_2-2-400x400.jpg 400w, https:\/\/www.an-na-design.com\/webseite\/wp-content\/uploads\/2020\/04\/AN_NA_Design_Unikat_2-2-200x200.jpg 200w, https:\/\/www.an-na-design.com\/webseite\/wp-content\/uploads\/2020\/04\/AN_NA_Design_Unikat_2-2-800x800.jpg 800w, https:\/\/www.an-na-design.com\/webseite\/wp-content\/uploads\/2020\/04\/AN_NA_Design_Unikat_2-2-300x300.jpg 300w, https:\/\/www.an-na-design.com\/webseite\/wp-content\/uploads\/2020\/04\/AN_NA_Design_Unikat_2-2-150x150.jpg 150w, https:\/\/www.an-na-design.com\/webseite\/wp-content\/uploads\/2020\/04\/AN_NA_Design_Unikat_2-2-768x768.jpg 768w\" sizes=\"auto, (max-width: 900px) 100vw, 900px\" \/><\/a><\/figure>\n<\/figure>\n\n\n\n<p class=\"has-drop-cap\">Und das alles ist m\u00f6glich, um den Look Ihrer Wohnung mit einem Mausklick zu ver\u00e4ndern:<br>Kombinieren Sie ein Kissen von AN-NA Design mit einem Bild aus dem Wanddesign-Angebot. Oder mehrere Kissen &#8230;<\/p>\n\n\n\n<p><\/p>\n\n\n\n<figure class=\"wp-block-gallery has-nested-images columns-default is-cropped wp-block-gallery-3 is-layout-flex wp-block-gallery-is-layout-flex\">\n<figure class=\"wp-block-image size-large\"><a href=\"https:\/\/www.an-na-design.com\/webseite\/wp-content\/uploads\/2021\/02\/AN-NA-Design-Kissen-Unikat-K2.jpg\" data-lbwps-width=\"1080\" data-lbwps-height=\"1080\" data-lbwps-srcsmall=\"https:\/\/www.an-na-design.com\/webseite\/wp-content\/uploads\/2021\/02\/AN-NA-Design-Kissen-Unikat-K2-300x300.jpg\"><img loading=\"lazy\" decoding=\"async\" width=\"1024\" height=\"1024\" data-id=\"4518\" src=\"https:\/\/www.an-na-design.com\/webseite\/wp-content\/uploads\/2021\/02\/AN-NA-Design-Kissen-Unikat-K2-1024x1024.jpg\" alt=\"Kissen-Unikate von AN-NA Design in starken Farben.\" class=\"wp-image-4518\" srcset=\"https:\/\/www.an-na-design.com\/webseite\/wp-content\/uploads\/2021\/02\/AN-NA-Design-Kissen-Unikat-K2-1024x1024.jpg 1024w, https:\/\/www.an-na-design.com\/webseite\/wp-content\/uploads\/2021\/02\/AN-NA-Design-Kissen-Unikat-K2-400x400.jpg 400w, https:\/\/www.an-na-design.com\/webseite\/wp-content\/uploads\/2021\/02\/AN-NA-Design-Kissen-Unikat-K2-200x200.jpg 200w, https:\/\/www.an-na-design.com\/webseite\/wp-content\/uploads\/2021\/02\/AN-NA-Design-Kissen-Unikat-K2-800x800.jpg 800w, https:\/\/www.an-na-design.com\/webseite\/wp-content\/uploads\/2021\/02\/AN-NA-Design-Kissen-Unikat-K2-300x300.jpg 300w, https:\/\/www.an-na-design.com\/webseite\/wp-content\/uploads\/2021\/02\/AN-NA-Design-Kissen-Unikat-K2-150x150.jpg 150w, https:\/\/www.an-na-design.com\/webseite\/wp-content\/uploads\/2021\/02\/AN-NA-Design-Kissen-Unikat-K2-768x768.jpg 768w, https:\/\/www.an-na-design.com\/webseite\/wp-content\/uploads\/2021\/02\/AN-NA-Design-Kissen-Unikat-K2-270x270.jpg 270w, https:\/\/www.an-na-design.com\/webseite\/wp-content\/uploads\/2021\/02\/AN-NA-Design-Kissen-Unikat-K2.jpg 1080w\" sizes=\"auto, (max-width: 1024px) 100vw, 1024px\" \/><\/a><\/figure>\n\n\n\n<figure class=\"wp-block-image size-large\"><a href=\"https:\/\/www.an-na-design.com\/webseite\/wp-content\/uploads\/2021\/01\/Wanddesign_vonderheiden3.jpg\" data-lbwps-width=\"768\" data-lbwps-height=\"768\" data-lbwps-srcsmall=\"https:\/\/www.an-na-design.com\/webseite\/wp-content\/uploads\/2021\/01\/Wanddesign_vonderheiden3-300x300.jpg\" data-lbwps-caption=\"Wanddesign_AvdH2-2&lt;br \/&gt;\n\"><img loading=\"lazy\" decoding=\"async\" width=\"768\" height=\"768\" data-id=\"4370\" src=\"https:\/\/www.an-na-design.com\/webseite\/wp-content\/uploads\/2021\/01\/Wanddesign_vonderheiden3.jpg\" alt=\"Wand-Design und Bildvergr\u00f6\u00dferungen von Aquarellbildern und Drucken von der K\u00fcnstlerin Anna von der Heiden\" class=\"wp-image-4370\" srcset=\"https:\/\/www.an-na-design.com\/webseite\/wp-content\/uploads\/2021\/01\/Wanddesign_vonderheiden3.jpg 768w, https:\/\/www.an-na-design.com\/webseite\/wp-content\/uploads\/2021\/01\/Wanddesign_vonderheiden3-400x400.jpg 400w, https:\/\/www.an-na-design.com\/webseite\/wp-content\/uploads\/2021\/01\/Wanddesign_vonderheiden3-200x200.jpg 200w, https:\/\/www.an-na-design.com\/webseite\/wp-content\/uploads\/2021\/01\/Wanddesign_vonderheiden3-300x300.jpg 300w, https:\/\/www.an-na-design.com\/webseite\/wp-content\/uploads\/2021\/01\/Wanddesign_vonderheiden3-150x150.jpg 150w, https:\/\/www.an-na-design.com\/webseite\/wp-content\/uploads\/2021\/01\/Wanddesign_vonderheiden3-270x270.jpg 270w\" sizes=\"auto, (max-width: 768px) 100vw, 768px\" \/><\/a><figcaption class=\"wp-element-caption\"><br><\/figcaption><\/figure>\n\n\n\n<figure class=\"wp-block-image size-large\"><a href=\"https:\/\/www.an-na-design.com\/webseite\/wp-content\/uploads\/2021\/02\/AN_NA_Design_K71_Perlmutt-1.jpg\" data-lbwps-width=\"768\" data-lbwps-height=\"768\" data-lbwps-srcsmall=\"https:\/\/www.an-na-design.com\/webseite\/wp-content\/uploads\/2021\/02\/AN_NA_Design_K71_Perlmutt-1-300x300.jpg\" data-lbwps-caption=\"Kissen-Unikat von AN-NA Design, Format 30&amp;#215;50 cm, Einzelst\u00fcck K71 Perlmutt\"><img loading=\"lazy\" decoding=\"async\" width=\"768\" height=\"768\" data-id=\"4595\" src=\"https:\/\/www.an-na-design.com\/webseite\/wp-content\/uploads\/2021\/02\/AN_NA_Design_K71_Perlmutt-1.jpg\" alt=\"Kissen-Unikate von AN-NA Design in starken Farben, hier lila und orange.\" class=\"wp-image-4595\" srcset=\"https:\/\/www.an-na-design.com\/webseite\/wp-content\/uploads\/2021\/02\/AN_NA_Design_K71_Perlmutt-1.jpg 768w, https:\/\/www.an-na-design.com\/webseite\/wp-content\/uploads\/2021\/02\/AN_NA_Design_K71_Perlmutt-1-300x300.jpg 300w, https:\/\/www.an-na-design.com\/webseite\/wp-content\/uploads\/2021\/02\/AN_NA_Design_K71_Perlmutt-1-150x150.jpg 150w, https:\/\/www.an-na-design.com\/webseite\/wp-content\/uploads\/2021\/02\/AN_NA_Design_K71_Perlmutt-1-270x270.jpg 270w, https:\/\/www.an-na-design.com\/webseite\/wp-content\/uploads\/2021\/02\/AN_NA_Design_K71_Perlmutt-1-400x400.jpg 400w, https:\/\/www.an-na-design.com\/webseite\/wp-content\/uploads\/2021\/02\/AN_NA_Design_K71_Perlmutt-1-200x200.jpg 200w\" sizes=\"auto, (max-width: 768px) 100vw, 768px\" \/><\/a><\/figure>\n\n\n\n<figure class=\"wp-block-image size-large\"><a href=\"https:\/\/www.an-na-design.com\/webseite\/wp-content\/uploads\/2022\/01\/AN-NA_Design_Kissen-Unikate_4-3.jpg\" data-lbwps-width=\"2192\" data-lbwps-height=\"2192\" data-lbwps-srcsmall=\"https:\/\/www.an-na-design.com\/webseite\/wp-content\/uploads\/2022\/01\/AN-NA_Design_Kissen-Unikate_4-3-300x300.jpg\"><img loading=\"lazy\" decoding=\"async\" width=\"1024\" height=\"1024\" data-id=\"6414\" src=\"https:\/\/www.an-na-design.com\/webseite\/wp-content\/uploads\/2022\/01\/AN-NA_Design_Kissen-Unikate_4-3-1024x1024.jpg\" alt=\"Bei AN-NA Design finden Sie hochwertige Kissen und besondere Geschenke. AN-NA Design ist eine Design Manufaktur. Unsere Kissen werden in Deutschland handgefertigt. Hier ein Kissen in den Farben Wollwei\u00df, Beige, Grau, Hellblau und Dunkelblau.\" class=\"wp-image-6414\" srcset=\"https:\/\/www.an-na-design.com\/webseite\/wp-content\/uploads\/2022\/01\/AN-NA_Design_Kissen-Unikate_4-3-1024x1024.jpg 1024w, https:\/\/www.an-na-design.com\/webseite\/wp-content\/uploads\/2022\/01\/AN-NA_Design_Kissen-Unikate_4-3-300x300.jpg 300w, https:\/\/www.an-na-design.com\/webseite\/wp-content\/uploads\/2022\/01\/AN-NA_Design_Kissen-Unikate_4-3-150x150.jpg 150w, https:\/\/www.an-na-design.com\/webseite\/wp-content\/uploads\/2022\/01\/AN-NA_Design_Kissen-Unikate_4-3-768x768.jpg 768w, https:\/\/www.an-na-design.com\/webseite\/wp-content\/uploads\/2022\/01\/AN-NA_Design_Kissen-Unikate_4-3-1536x1536.jpg 1536w, https:\/\/www.an-na-design.com\/webseite\/wp-content\/uploads\/2022\/01\/AN-NA_Design_Kissen-Unikate_4-3-2048x2048.jpg 2048w, https:\/\/www.an-na-design.com\/webseite\/wp-content\/uploads\/2022\/01\/AN-NA_Design_Kissen-Unikate_4-3-270x270.jpg 270w, https:\/\/www.an-na-design.com\/webseite\/wp-content\/uploads\/2022\/01\/AN-NA_Design_Kissen-Unikate_4-3-400x400.jpg 400w, https:\/\/www.an-na-design.com\/webseite\/wp-content\/uploads\/2022\/01\/AN-NA_Design_Kissen-Unikate_4-3-800x800.jpg 800w, https:\/\/www.an-na-design.com\/webseite\/wp-content\/uploads\/2022\/01\/AN-NA_Design_Kissen-Unikate_4-3-200x200.jpg 200w\" sizes=\"auto, (max-width: 1024px) 100vw, 1024px\" \/><\/a><\/figure>\n\n\n\n<figure class=\"wp-block-image size-large\"><a href=\"https:\/\/www.an-na-design.com\/webseite\/wp-content\/uploads\/2021\/12\/Wanddesign_Anna_von_der_heiden_16-1.jpg\" data-lbwps-width=\"768\" data-lbwps-height=\"768\" data-lbwps-srcsmall=\"https:\/\/www.an-na-design.com\/webseite\/wp-content\/uploads\/2021\/12\/Wanddesign_Anna_von_der_heiden_16-1-300x300.jpg\" data-lbwps-caption=\"Wanddesign_Anna_von_der_Heiden_16-1\"><img loading=\"lazy\" decoding=\"async\" width=\"768\" height=\"768\" data-id=\"4776\" src=\"https:\/\/www.an-na-design.com\/webseite\/wp-content\/uploads\/2021\/12\/Wanddesign_Anna_von_der_heiden_16-1.jpg\" alt=\"Wand-Design der K\u00fcnstlerin Anna von der Heiden\" class=\"wp-image-4776\" srcset=\"https:\/\/www.an-na-design.com\/webseite\/wp-content\/uploads\/2021\/12\/Wanddesign_Anna_von_der_heiden_16-1.jpg 768w, https:\/\/www.an-na-design.com\/webseite\/wp-content\/uploads\/2021\/12\/Wanddesign_Anna_von_der_heiden_16-1-300x300.jpg 300w, https:\/\/www.an-na-design.com\/webseite\/wp-content\/uploads\/2021\/12\/Wanddesign_Anna_von_der_heiden_16-1-150x150.jpg 150w, https:\/\/www.an-na-design.com\/webseite\/wp-content\/uploads\/2021\/12\/Wanddesign_Anna_von_der_heiden_16-1-270x270.jpg 270w, https:\/\/www.an-na-design.com\/webseite\/wp-content\/uploads\/2021\/12\/Wanddesign_Anna_von_der_heiden_16-1-400x400.jpg 400w, https:\/\/www.an-na-design.com\/webseite\/wp-content\/uploads\/2021\/12\/Wanddesign_Anna_von_der_heiden_16-1-200x200.jpg 200w\" sizes=\"auto, (max-width: 768px) 100vw, 768px\" \/><\/a><\/figure>\n\n\n\n<figure class=\"wp-block-image size-large\"><a href=\"https:\/\/www.an-na-design.com\/webseite\/wp-content\/uploads\/2020\/01\/AN-NA_Design_Kissen_Unikat_6-19.jpg\" data-lbwps-width=\"1401\" data-lbwps-height=\"1401\" data-lbwps-srcsmall=\"https:\/\/www.an-na-design.com\/webseite\/wp-content\/uploads\/2020\/01\/AN-NA_Design_Kissen_Unikat_6-19-300x300.jpg\"><img loading=\"lazy\" decoding=\"async\" width=\"1024\" height=\"1024\" data-id=\"6445\" src=\"https:\/\/www.an-na-design.com\/webseite\/wp-content\/uploads\/2020\/01\/AN-NA_Design_Kissen_Unikat_6-19-1024x1024.jpg\" alt=\"Bei AN-NA Design finden Sie hochwertige Kissen und besondere Geschenke. AN-NA Design ist eine Design Manufaktur. Unsere Kissen werden in Deutschland handgefertigt. Hier ein Kissen in den Farben Wollwei\u00df, Beige und Gelb.\" class=\"wp-image-6445\" srcset=\"https:\/\/www.an-na-design.com\/webseite\/wp-content\/uploads\/2020\/01\/AN-NA_Design_Kissen_Unikat_6-19-1024x1024.jpg 1024w, https:\/\/www.an-na-design.com\/webseite\/wp-content\/uploads\/2020\/01\/AN-NA_Design_Kissen_Unikat_6-19-300x300.jpg 300w, https:\/\/www.an-na-design.com\/webseite\/wp-content\/uploads\/2020\/01\/AN-NA_Design_Kissen_Unikat_6-19-150x150.jpg 150w, https:\/\/www.an-na-design.com\/webseite\/wp-content\/uploads\/2020\/01\/AN-NA_Design_Kissen_Unikat_6-19-768x768.jpg 768w, https:\/\/www.an-na-design.com\/webseite\/wp-content\/uploads\/2020\/01\/AN-NA_Design_Kissen_Unikat_6-19-270x270.jpg 270w, https:\/\/www.an-na-design.com\/webseite\/wp-content\/uploads\/2020\/01\/AN-NA_Design_Kissen_Unikat_6-19-400x400.jpg 400w, https:\/\/www.an-na-design.com\/webseite\/wp-content\/uploads\/2020\/01\/AN-NA_Design_Kissen_Unikat_6-19-800x800.jpg 800w, https:\/\/www.an-na-design.com\/webseite\/wp-content\/uploads\/2020\/01\/AN-NA_Design_Kissen_Unikat_6-19-200x200.jpg 200w, https:\/\/www.an-na-design.com\/webseite\/wp-content\/uploads\/2020\/01\/AN-NA_Design_Kissen_Unikat_6-19.jpg 1401w\" sizes=\"auto, (max-width: 1024px) 100vw, 1024px\" \/><\/a><\/figure>\n<\/figure>\n\n\n\n<p class=\"has-drop-cap\">Sie k\u00f6nnen auch verschiedene Ausschnitte aus einem Wand-Design zu einer Serie von Bildern zusammenstellen.<\/p>\n\n\n\n<figure class=\"wp-block-gallery has-nested-images columns-default is-cropped wp-block-gallery-4 is-layout-flex wp-block-gallery-is-layout-flex\">\n<figure class=\"wp-block-image size-full\"><a href=\"https:\/\/www.an-na-design.com\/webseite\/wp-content\/uploads\/2021\/12\/AN-NA_Wanddesign_16-2.jpg\" data-lbwps-width=\"3194\" data-lbwps-height=\"3194\" data-lbwps-srcsmall=\"https:\/\/www.an-na-design.com\/webseite\/wp-content\/uploads\/2021\/12\/AN-NA_Wanddesign_16-2-300x300.jpg\" data-lbwps-caption=\"Farbenfrohes Wanddesign von AN-NA Design. Hochwertiger Druck auf Leinwand.\"><img loading=\"lazy\" decoding=\"async\" width=\"2560\" height=\"2560\" data-id=\"6655\" src=\"https:\/\/www.an-na-design.com\/webseite\/wp-content\/uploads\/2021\/12\/AN-NA_Wanddesign_16-2-scaled.jpg\" alt=\"Farbenfrohes Wanddesign von Anna von der Heiden bei AN-NA Design. Hochwertiger Druck auf Leinwand. Ma\u00dfe 50 x 70 cm, Querformat. Farben: T\u00fcrkis, Blau, Grau, Rosa, Gelb, Gr\u00fcn. Hier ein Anwendungsbeispiel f\u00fcr eine Bildergalerie in einem Wohnzimmer.\" class=\"wp-image-6655\" srcset=\"https:\/\/www.an-na-design.com\/webseite\/wp-content\/uploads\/2021\/12\/AN-NA_Wanddesign_16-2-scaled.jpg 2560w, https:\/\/www.an-na-design.com\/webseite\/wp-content\/uploads\/2021\/12\/AN-NA_Wanddesign_16-2-300x300.jpg 300w, https:\/\/www.an-na-design.com\/webseite\/wp-content\/uploads\/2021\/12\/AN-NA_Wanddesign_16-2-1024x1024.jpg 1024w, https:\/\/www.an-na-design.com\/webseite\/wp-content\/uploads\/2021\/12\/AN-NA_Wanddesign_16-2-150x150.jpg 150w, https:\/\/www.an-na-design.com\/webseite\/wp-content\/uploads\/2021\/12\/AN-NA_Wanddesign_16-2-768x768.jpg 768w, https:\/\/www.an-na-design.com\/webseite\/wp-content\/uploads\/2021\/12\/AN-NA_Wanddesign_16-2-1536x1536.jpg 1536w, https:\/\/www.an-na-design.com\/webseite\/wp-content\/uploads\/2021\/12\/AN-NA_Wanddesign_16-2-2048x2048.jpg 2048w, https:\/\/www.an-na-design.com\/webseite\/wp-content\/uploads\/2021\/12\/AN-NA_Wanddesign_16-2-270x270.jpg 270w, https:\/\/www.an-na-design.com\/webseite\/wp-content\/uploads\/2021\/12\/AN-NA_Wanddesign_16-2-400x400.jpg 400w, https:\/\/www.an-na-design.com\/webseite\/wp-content\/uploads\/2021\/12\/AN-NA_Wanddesign_16-2-800x800.jpg 800w, https:\/\/www.an-na-design.com\/webseite\/wp-content\/uploads\/2021\/12\/AN-NA_Wanddesign_16-2-200x200.jpg 200w\" sizes=\"auto, (max-width: 2560px) 100vw, 2560px\" \/><\/a><\/figure>\n\n\n\n<figure class=\"wp-block-image size-full\"><a href=\"https:\/\/www.an-na-design.com\/webseite\/wp-content\/uploads\/2026\/02\/AN-NA_Design_Walldesign-9.jpg\" data-lbwps-width=\"2400\" data-lbwps-height=\"2400\" data-lbwps-srcsmall=\"https:\/\/www.an-na-design.com\/webseite\/wp-content\/uploads\/2026\/02\/AN-NA_Design_Walldesign-9-300x300.jpg\"><img loading=\"lazy\" decoding=\"async\" width=\"2400\" height=\"2400\" data-id=\"6748\" src=\"https:\/\/www.an-na-design.com\/webseite\/wp-content\/uploads\/2026\/02\/AN-NA_Design_Walldesign-9.jpg\" alt=\"Farbenfrohes Wanddesign von Anna von der Heiden bei AN-NA Design. Hochwertiger Druck auf Leinwand. Hier ein Anwendungsbeispiel f\u00fcr eine Bildergalerie in einem Wohnzimmer.\" class=\"wp-image-6748\" srcset=\"https:\/\/www.an-na-design.com\/webseite\/wp-content\/uploads\/2026\/02\/AN-NA_Design_Walldesign-9.jpg 2400w, https:\/\/www.an-na-design.com\/webseite\/wp-content\/uploads\/2026\/02\/AN-NA_Design_Walldesign-9-300x300.jpg 300w, https:\/\/www.an-na-design.com\/webseite\/wp-content\/uploads\/2026\/02\/AN-NA_Design_Walldesign-9-1024x1024.jpg 1024w, https:\/\/www.an-na-design.com\/webseite\/wp-content\/uploads\/2026\/02\/AN-NA_Design_Walldesign-9-150x150.jpg 150w, https:\/\/www.an-na-design.com\/webseite\/wp-content\/uploads\/2026\/02\/AN-NA_Design_Walldesign-9-768x768.jpg 768w, https:\/\/www.an-na-design.com\/webseite\/wp-content\/uploads\/2026\/02\/AN-NA_Design_Walldesign-9-1536x1536.jpg 1536w, https:\/\/www.an-na-design.com\/webseite\/wp-content\/uploads\/2026\/02\/AN-NA_Design_Walldesign-9-2048x2048.jpg 2048w, https:\/\/www.an-na-design.com\/webseite\/wp-content\/uploads\/2026\/02\/AN-NA_Design_Walldesign-9-270x270.jpg 270w, https:\/\/www.an-na-design.com\/webseite\/wp-content\/uploads\/2026\/02\/AN-NA_Design_Walldesign-9-400x400.jpg 400w, https:\/\/www.an-na-design.com\/webseite\/wp-content\/uploads\/2026\/02\/AN-NA_Design_Walldesign-9-800x800.jpg 800w, https:\/\/www.an-na-design.com\/webseite\/wp-content\/uploads\/2026\/02\/AN-NA_Design_Walldesign-9-200x200.jpg 200w\" sizes=\"auto, (max-width: 2400px) 100vw, 2400px\" \/><\/a><\/figure>\n\n\n\n<figure class=\"wp-block-image size-full\"><a href=\"https:\/\/www.an-na-design.com\/webseite\/wp-content\/uploads\/2025\/08\/AN-NA_Design_Wanddesign_18-3.jpg\" data-lbwps-width=\"1737\" data-lbwps-height=\"1737\" data-lbwps-srcsmall=\"https:\/\/www.an-na-design.com\/webseite\/wp-content\/uploads\/2025\/08\/AN-NA_Design_Wanddesign_18-3-300x300.jpg\" data-lbwps-caption=\"Farbenfrohes Wanddesign von AN-NA Design. Hochwertiger Druck auf Leinwand.\"><img loading=\"lazy\" decoding=\"async\" width=\"1737\" height=\"1737\" data-id=\"6582\" src=\"https:\/\/www.an-na-design.com\/webseite\/wp-content\/uploads\/2025\/08\/AN-NA_Design_Wanddesign_18-3.jpg\" alt=\"Farbenfrohes Wanddesign von Anna von der Heiden bei AN-NA Design. Hochwertiger Druck auf Leinwand. Farben: T\u00fcrkis, Blau, Rot, Rosa, Pink, Violett, Lila, Orange, Gr\u00fcn, Bordeauxrot. Hier ein Anwendungsbeispiel f\u00fcr eine Bildergalerie in einem Wohnzimmer.\" class=\"wp-image-6582\" srcset=\"https:\/\/www.an-na-design.com\/webseite\/wp-content\/uploads\/2025\/08\/AN-NA_Design_Wanddesign_18-3.jpg 1737w, https:\/\/www.an-na-design.com\/webseite\/wp-content\/uploads\/2025\/08\/AN-NA_Design_Wanddesign_18-3-300x300.jpg 300w, https:\/\/www.an-na-design.com\/webseite\/wp-content\/uploads\/2025\/08\/AN-NA_Design_Wanddesign_18-3-1024x1024.jpg 1024w, https:\/\/www.an-na-design.com\/webseite\/wp-content\/uploads\/2025\/08\/AN-NA_Design_Wanddesign_18-3-150x150.jpg 150w, https:\/\/www.an-na-design.com\/webseite\/wp-content\/uploads\/2025\/08\/AN-NA_Design_Wanddesign_18-3-768x768.jpg 768w, https:\/\/www.an-na-design.com\/webseite\/wp-content\/uploads\/2025\/08\/AN-NA_Design_Wanddesign_18-3-1536x1536.jpg 1536w, https:\/\/www.an-na-design.com\/webseite\/wp-content\/uploads\/2025\/08\/AN-NA_Design_Wanddesign_18-3-270x270.jpg 270w, https:\/\/www.an-na-design.com\/webseite\/wp-content\/uploads\/2025\/08\/AN-NA_Design_Wanddesign_18-3-400x400.jpg 400w, https:\/\/www.an-na-design.com\/webseite\/wp-content\/uploads\/2025\/08\/AN-NA_Design_Wanddesign_18-3-800x800.jpg 800w, https:\/\/www.an-na-design.com\/webseite\/wp-content\/uploads\/2025\/08\/AN-NA_Design_Wanddesign_18-3-200x200.jpg 200w\" sizes=\"auto, (max-width: 1737px) 100vw, 1737px\" \/><\/a><\/figure>\n<\/figure>\n\n\n\n<p class=\"has-drop-cap\"><\/p>\n\n\n\n<figure class=\"wp-block-gallery has-nested-images columns-default is-cropped wp-block-gallery-5 is-layout-flex wp-block-gallery-is-layout-flex\">\n<figure class=\"wp-block-image size-large\"><a href=\"https:\/\/www.an-na-design.com\/webseite\/wp-content\/uploads\/2021\/12\/Anna_von_der_Heiden_Wanddesign-1.jpg\" data-lbwps-width=\"768\" data-lbwps-height=\"768\" data-lbwps-srcsmall=\"https:\/\/www.an-na-design.com\/webseite\/wp-content\/uploads\/2021\/12\/Anna_von_der_Heiden_Wanddesign-1-300x300.jpg\" data-lbwps-caption=\"Wanddesign der K\u00fcnstlerin Anna von der Heiden\"><img loading=\"lazy\" decoding=\"async\" width=\"768\" height=\"768\" data-id=\"4730\" src=\"https:\/\/www.an-na-design.com\/webseite\/wp-content\/uploads\/2021\/12\/Anna_von_der_Heiden_Wanddesign-1.jpg\" alt=\"Wanddesign der K\u00fcnstlerin Anna von der Heiden\" class=\"wp-image-4730\" srcset=\"https:\/\/www.an-na-design.com\/webseite\/wp-content\/uploads\/2021\/12\/Anna_von_der_Heiden_Wanddesign-1.jpg 768w, https:\/\/www.an-na-design.com\/webseite\/wp-content\/uploads\/2021\/12\/Anna_von_der_Heiden_Wanddesign-1-300x300.jpg 300w, https:\/\/www.an-na-design.com\/webseite\/wp-content\/uploads\/2021\/12\/Anna_von_der_Heiden_Wanddesign-1-150x150.jpg 150w, https:\/\/www.an-na-design.com\/webseite\/wp-content\/uploads\/2021\/12\/Anna_von_der_Heiden_Wanddesign-1-270x270.jpg 270w, https:\/\/www.an-na-design.com\/webseite\/wp-content\/uploads\/2021\/12\/Anna_von_der_Heiden_Wanddesign-1-400x400.jpg 400w, https:\/\/www.an-na-design.com\/webseite\/wp-content\/uploads\/2021\/12\/Anna_von_der_Heiden_Wanddesign-1-200x200.jpg 200w\" sizes=\"auto, (max-width: 768px) 100vw, 768px\" \/><\/a><\/figure>\n\n\n\n<figure class=\"wp-block-image size-large\"><a href=\"https:\/\/www.an-na-design.com\/webseite\/wp-content\/uploads\/2022\/01\/AN-NA_Design_Kissen_1-2.jpg\" data-lbwps-width=\"1477\" data-lbwps-height=\"1477\" data-lbwps-srcsmall=\"https:\/\/www.an-na-design.com\/webseite\/wp-content\/uploads\/2022\/01\/AN-NA_Design_Kissen_1-2-300x300.jpg\" data-lbwps-caption=\"AN-NA Design bietet edle Kissen und besondere Geschenke, Design Manufaktur, handgefertigt in Deutschland.\"><img loading=\"lazy\" decoding=\"async\" width=\"1024\" height=\"1024\" data-id=\"6404\" src=\"https:\/\/www.an-na-design.com\/webseite\/wp-content\/uploads\/2022\/01\/AN-NA_Design_Kissen_1-2-1024x1024.jpg\" alt=\"AN-NA Design bietet edle Kissen und besondere Geschenke, Design Manufaktur, handgefertigt in Deutschland. Hier ein Kissen in den Farben gr\u00fcn und rot.\" class=\"wp-image-6404\" srcset=\"https:\/\/www.an-na-design.com\/webseite\/wp-content\/uploads\/2022\/01\/AN-NA_Design_Kissen_1-2-1024x1024.jpg 1024w, https:\/\/www.an-na-design.com\/webseite\/wp-content\/uploads\/2022\/01\/AN-NA_Design_Kissen_1-2-300x300.jpg 300w, https:\/\/www.an-na-design.com\/webseite\/wp-content\/uploads\/2022\/01\/AN-NA_Design_Kissen_1-2-150x150.jpg 150w, https:\/\/www.an-na-design.com\/webseite\/wp-content\/uploads\/2022\/01\/AN-NA_Design_Kissen_1-2-768x768.jpg 768w, https:\/\/www.an-na-design.com\/webseite\/wp-content\/uploads\/2022\/01\/AN-NA_Design_Kissen_1-2-270x270.jpg 270w, https:\/\/www.an-na-design.com\/webseite\/wp-content\/uploads\/2022\/01\/AN-NA_Design_Kissen_1-2-400x400.jpg 400w, https:\/\/www.an-na-design.com\/webseite\/wp-content\/uploads\/2022\/01\/AN-NA_Design_Kissen_1-2-800x800.jpg 800w, https:\/\/www.an-na-design.com\/webseite\/wp-content\/uploads\/2022\/01\/AN-NA_Design_Kissen_1-2-200x200.jpg 200w, https:\/\/www.an-na-design.com\/webseite\/wp-content\/uploads\/2022\/01\/AN-NA_Design_Kissen_1-2.jpg 1477w\" sizes=\"auto, (max-width: 1024px) 100vw, 1024px\" \/><\/a><\/figure>\n\n\n\n<figure class=\"wp-block-image size-large\"><a href=\"https:\/\/www.an-na-design.com\/webseite\/wp-content\/uploads\/2021\/12\/Anna_von_der_Heiden_Wanddesign-2.jpg\" data-lbwps-width=\"768\" data-lbwps-height=\"768\" data-lbwps-srcsmall=\"https:\/\/www.an-na-design.com\/webseite\/wp-content\/uploads\/2021\/12\/Anna_von_der_Heiden_Wanddesign-2-300x300.jpg\" data-lbwps-caption=\"Wand-Design der K\u00fcnstlerin Anna von der Heiden\"><img loading=\"lazy\" decoding=\"async\" width=\"768\" height=\"768\" data-id=\"4731\" src=\"https:\/\/www.an-na-design.com\/webseite\/wp-content\/uploads\/2021\/12\/Anna_von_der_Heiden_Wanddesign-2.jpg\" alt=\"Wand-Design der K\u00fcnstlerin Anna von der Heiden\" class=\"wp-image-4731\" srcset=\"https:\/\/www.an-na-design.com\/webseite\/wp-content\/uploads\/2021\/12\/Anna_von_der_Heiden_Wanddesign-2.jpg 768w, https:\/\/www.an-na-design.com\/webseite\/wp-content\/uploads\/2021\/12\/Anna_von_der_Heiden_Wanddesign-2-300x300.jpg 300w, https:\/\/www.an-na-design.com\/webseite\/wp-content\/uploads\/2021\/12\/Anna_von_der_Heiden_Wanddesign-2-150x150.jpg 150w, https:\/\/www.an-na-design.com\/webseite\/wp-content\/uploads\/2021\/12\/Anna_von_der_Heiden_Wanddesign-2-270x270.jpg 270w, https:\/\/www.an-na-design.com\/webseite\/wp-content\/uploads\/2021\/12\/Anna_von_der_Heiden_Wanddesign-2-400x400.jpg 400w, https:\/\/www.an-na-design.com\/webseite\/wp-content\/uploads\/2021\/12\/Anna_von_der_Heiden_Wanddesign-2-200x200.jpg 200w\" sizes=\"auto, (max-width: 768px) 100vw, 768px\" \/><\/a><\/figure>\n<\/figure>\n\n\n\n<p data-wp-context---core-fit-text=\"core\/fit-text::{&quot;fontSize&quot;:&quot;&quot;}\" data-wp-init---core-fit-text=\"core\/fit-text::callbacks.init\" data-wp-interactive data-wp-style--font-size=\"core\/fit-text::context.fontSize\" class=\"has-fit-text\"><\/p>\n\n\n\n<p><\/p>\n\n\n\n<figure class=\"wp-block-gallery has-nested-images columns-default is-cropped wp-block-gallery-6 is-layout-flex wp-block-gallery-is-layout-flex\"><\/figure>\n\n\n\n<p>Und hier geht unser Wand-Design ebenfalls: In einem Hotel  oder Restaurant, in Ihrem Homeoffice, in B\u00fcros oder Arztpraxen.<\/p>\n\n\n\n<p><\/p>\n\n\n\n<h2 class=\"wp-block-heading\"><\/h2>\n\n\n\n<div class=\"wp-block-atomion-block-content-box-1-1\"><div class=\"content-box-content\" style=\"text-align:left\"><span class=\"pre-headline\" style=\"color:#37B9E3\">Sie haben eine Frage zu AN-NA Design, zu unserem Wand-Design oder unseren Kissen:<\/span><h2><\/h2><p><\/p><a class=\"button outline\" href=\"https:\/\/www.an-na-design.com\/webseite\/kontakt\/\"><a href=\"https:\/\/www.an-na-design.com\/webseite\/kontakt\/\" target=\"_blank\" rel=\"noreferrer noopener\">Kontakt<\/a><\/a><\/div><\/div>\n","protected":false},"excerpt":{"rendered":"<p>Neu: Wand-Design der K\u00fcnstlerin Anna von der Heiden trifft auf die Kissen-Unikate von AN-NA Design.<\/p>\n","protected":false},"author":1,"featured_media":6743,"comment_status":"open","ping_status":"open","sticky":false,"template":"","format":"standard","meta":{"footnotes":""},"categories":[1],"tags":[139,128,152,252,256,253,260,251,261],"class_list":["post-4479","post","type-post","status-publish","format-standard","has-post-thumbnail","hentry","category-unkategorisiert","tag-an-na","tag-an-na-design","tag-anna-von-der-heiden","tag-tapete","tag-wallart","tag-walldesign","tag-wand-design","tag-wanddesign","tag-wandkunst"],"_links":{"self":[{"href":"https:\/\/www.an-na-design.com\/webseite\/wp-json\/wp\/v2\/posts\/4479","targetHints":{"allow":["GET"]}}],"collection":[{"href":"https:\/\/www.an-na-design.com\/webseite\/wp-json\/wp\/v2\/posts"}],"about":[{"href":"https:\/\/www.an-na-design.com\/webseite\/wp-json\/wp\/v2\/types\/post"}],"author":[{"embeddable":true,"href":"https:\/\/www.an-na-design.com\/webseite\/wp-json\/wp\/v2\/users\/1"}],"replies":[{"embeddable":true,"href":"https:\/\/www.an-na-design.com\/webseite\/wp-json\/wp\/v2\/comments?post=4479"}],"version-history":[{"count":2,"href":"https:\/\/www.an-na-design.com\/webseite\/wp-json\/wp\/v2\/posts\/4479\/revisions"}],"predecessor-version":[{"id":6884,"href":"https:\/\/www.an-na-design.com\/webseite\/wp-json\/wp\/v2\/posts\/4479\/revisions\/6884"}],"wp:featuredmedia":[{"embeddable":true,"href":"https:\/\/www.an-na-design.com\/webseite\/wp-json\/wp\/v2\/media\/6743"}],"wp:attachment":[{"href":"https:\/\/www.an-na-design.com\/webseite\/wp-json\/wp\/v2\/media?parent=4479"}],"wp:term":[{"taxonomy":"category","embeddable":true,"href":"https:\/\/www.an-na-design.com\/webseite\/wp-json\/wp\/v2\/categories?post=4479"},{"taxonomy":"post_tag","embeddable":true,"href":"https:\/\/www.an-na-design.com\/webseite\/wp-json\/wp\/v2\/tags?post=4479"}],"curies":[{"name":"wp","href":"https:\/\/api.w.org\/{rel}","templated":true}]}}