{"id":3467,"date":"2020-01-03T19:43:36","date_gmt":"2020-01-03T18:43:36","guid":{"rendered":"http:\/\/www.an-na-design.com\/webseite\/?p=3467"},"modified":"2024-03-01T12:32:45","modified_gmt":"2024-03-01T11:32:45","slug":"die-frauenzeitschrift-tina-berichtet-ueber-an-na-design","status":"publish","type":"post","link":"https:\/\/www.an-na-design.com\/webseite\/die-frauenzeitschrift-tina-berichtet-ueber-an-na-design\/","title":{"rendered":"Artikel in der Zeitschrift Tina \u00fcber AN-NA Design, Ausgabe 02\/2020"},"content":{"rendered":"\n<div style=\"height:20px\" aria-hidden=\"true\" class=\"wp-block-spacer\"><\/div>\n\n\n\n<h3 class=\"wp-block-heading\">Das neue Jahr beginnt gut f\u00fcr AN-NA Design:<\/h3>\n\n\n\n<div style=\"height:20px\" aria-hidden=\"true\" class=\"wp-block-spacer\"><\/div>\n\n\n\n<div class=\"wp-block-columns is-layout-flex wp-container-core-columns-is-layout-9d6595d7 wp-block-columns-is-layout-flex\">\n<div class=\"wp-block-column is-layout-flow wp-block-column-is-layout-flow\" style=\"flex-basis:33.33%\">\n<p class=\"has-text-align-left\"><br><br>Direkt zum Jahresstart berichtet die Zeitschrift Tina \u00fcber die Kissen-Manufaktur AN-NA Design und \u00fcber die Gr\u00fcnderin Anna von der Heiden.<br><br><\/p>\n<\/div>\n\n\n\n<div class=\"wp-block-column is-layout-flow wp-block-column-is-layout-flow\" style=\"flex-basis:66.66%\"><div class=\"wp-block-image\">\n<figure class=\"aligncenter size-medium\"><img loading=\"lazy\" decoding=\"async\" width=\"225\" height=\"300\" src=\"https:\/\/an-na-design.com\/webseite\/wp-content\/uploads\/2020\/02\/AN-NA-Design-Kissen-768x1024-1-225x300.jpg\" alt=\"\" class=\"wp-image-3765\" srcset=\"https:\/\/www.an-na-design.com\/webseite\/wp-content\/uploads\/2020\/02\/AN-NA-Design-Kissen-768x1024-1-225x300.jpg 225w, https:\/\/www.an-na-design.com\/webseite\/wp-content\/uploads\/2020\/02\/AN-NA-Design-Kissen-768x1024-1.jpg 768w\" sizes=\"auto, (max-width: 225px) 100vw, 225px\" \/><\/figure>\n<\/div>\n\n\n<p><\/p>\n<\/div>\n<\/div>\n\n\n<div class=\"wp-block-image\">\n<figure class=\"aligncenter size-full is-resized\"><img loading=\"lazy\" decoding=\"async\" width=\"1024\" height=\"1024\" src=\"https:\/\/an-na-design.com\/webseite\/wp-content\/uploads\/2020\/02\/AN-NA-Design-Kissen-4-1024x1024-1.jpg\" alt=\"\" class=\"wp-image-3763\" style=\"width:768px;height:768px\" srcset=\"https:\/\/www.an-na-design.com\/webseite\/wp-content\/uploads\/2020\/02\/AN-NA-Design-Kissen-4-1024x1024-1.jpg 1024w, https:\/\/www.an-na-design.com\/webseite\/wp-content\/uploads\/2020\/02\/AN-NA-Design-Kissen-4-1024x1024-1-400x400.jpg 400w, https:\/\/www.an-na-design.com\/webseite\/wp-content\/uploads\/2020\/02\/AN-NA-Design-Kissen-4-1024x1024-1-200x200.jpg 200w, https:\/\/www.an-na-design.com\/webseite\/wp-content\/uploads\/2020\/02\/AN-NA-Design-Kissen-4-1024x1024-1-800x800.jpg 800w, https:\/\/www.an-na-design.com\/webseite\/wp-content\/uploads\/2020\/02\/AN-NA-Design-Kissen-4-1024x1024-1-300x300.jpg 300w, https:\/\/www.an-na-design.com\/webseite\/wp-content\/uploads\/2020\/02\/AN-NA-Design-Kissen-4-1024x1024-1-150x150.jpg 150w, https:\/\/www.an-na-design.com\/webseite\/wp-content\/uploads\/2020\/02\/AN-NA-Design-Kissen-4-1024x1024-1-768x768.jpg 768w\" sizes=\"auto, (max-width: 1024px) 100vw, 1024px\" \/><\/figure>\n<\/div>\n\n\n<p>Bereits im November 2019 gab es einen Artikel \u00fcber AN-NA Design in dem regionalen <a href=\"https:\/\/www.an-na-design.com\/webseite\/an-na-design-bericht-im-lifestyle-magazin-imag-11-2019\/\" target=\"_blank\" rel=\"noreferrer noopener\">Magazin IMAG<\/a> sowie ein ausf\u00fchrliches Interview in dem <a href=\"https:\/\/www.an-na-design.com\/webseite\/interview-mit-an-na-design-im-magazin-startupvalley\/\" target=\"_blank\" rel=\"noreferrer noopener\">Magazin StartupValley<\/a>, in der Rubrik &#8222;Female Founders&#8220;.<br><br><\/p>\n","protected":false},"excerpt":{"rendered":"<p>Das neue Jahr beginnt gut f\u00fcr AN-NA Design: Direkt zum Jahresstart berichtet die Zeitschrift Tina \u00fcber die Kissen-Manufaktur AN-NA Design und \u00fcber die Gr\u00fcnderin Anna von der Heiden. Bereits im November 2019 gab es einen Artikel \u00fcber AN-NA Design in dem regionalen Magazin IMAG sowie ein ausf\u00fchrliches Interview in dem Magazin StartupValley, in der Rubrik [&#8230;] <a href=\"https:\/\/www.an-na-design.com\/webseite\/die-frauenzeitschrift-tina-berichtet-ueber-an-na-design\/\">weiterlesen<\/a><\/p>\n","protected":false},"author":1,"featured_media":0,"comment_status":"open","ping_status":"open","sticky":false,"template":"","format":"standard","meta":{"footnotes":""},"categories":[1],"tags":[128,89,175,130,176,177],"class_list":["post-3467","post","type-post","status-publish","format-standard","hentry","category-unkategorisiert","tag-an-na-design","tag-design","tag-frauenzeitschrift","tag-kissen","tag-startup","tag-tina"],"_links":{"self":[{"href":"https:\/\/www.an-na-design.com\/webseite\/wp-json\/wp\/v2\/posts\/3467","targetHints":{"allow":["GET"]}}],"collection":[{"href":"https:\/\/www.an-na-design.com\/webseite\/wp-json\/wp\/v2\/posts"}],"about":[{"href":"https:\/\/www.an-na-design.com\/webseite\/wp-json\/wp\/v2\/types\/post"}],"author":[{"embeddable":true,"href":"https:\/\/www.an-na-design.com\/webseite\/wp-json\/wp\/v2\/users\/1"}],"replies":[{"embeddable":true,"href":"https:\/\/www.an-na-design.com\/webseite\/wp-json\/wp\/v2\/comments?post=3467"}],"version-history":[{"count":3,"href":"https:\/\/www.an-na-design.com\/webseite\/wp-json\/wp\/v2\/posts\/3467\/revisions"}],"predecessor-version":[{"id":6216,"href":"https:\/\/www.an-na-design.com\/webseite\/wp-json\/wp\/v2\/posts\/3467\/revisions\/6216"}],"wp:attachment":[{"href":"https:\/\/www.an-na-design.com\/webseite\/wp-json\/wp\/v2\/media?parent=3467"}],"wp:term":[{"taxonomy":"category","embeddable":true,"href":"https:\/\/www.an-na-design.com\/webseite\/wp-json\/wp\/v2\/categories?post=3467"},{"taxonomy":"post_tag","embeddable":true,"href":"https:\/\/www.an-na-design.com\/webseite\/wp-json\/wp\/v2\/tags?post=3467"}],"curies":[{"name":"wp","href":"https:\/\/api.w.org\/{rel}","templated":true}]}}