{"id":3436,"date":"2019-11-29T14:16:04","date_gmt":"2019-11-29T13:16:04","guid":{"rendered":"http:\/\/www.an-na-design.com\/webseite\/?p=3436"},"modified":"2024-03-01T12:33:38","modified_gmt":"2024-03-01T11:33:38","slug":"interview-mit-an-na-design-im-magazin-startupvalley","status":"publish","type":"post","link":"https:\/\/www.an-na-design.com\/webseite\/interview-mit-an-na-design-im-magazin-startupvalley\/","title":{"rendered":"Interview mit AN-NA Design im Magazin StartupValley, 11\/2019"},"content":{"rendered":"\n<div style=\"height:100px\" aria-hidden=\"true\" class=\"wp-block-spacer\"><\/div>\n\n\n\n<hr class=\"wp-block-separator has-css-opacity\"\/>\n\n\n\n<p class=\"has-text-align-center has-medium-font-size\"><img loading=\"lazy\" decoding=\"async\" width=\"100\" height=\"52\" class=\"wp-image-3756\" style=\"width: 100px;\" src=\"https:\/\/an-na-design.com\/webseite\/wp-content\/uploads\/2019\/11\/StartupValley-Logo-b1.jpg\" alt=\"\" srcset=\"https:\/\/www.an-na-design.com\/webseite\/wp-content\/uploads\/2019\/11\/StartupValley-Logo-b1.jpg 690w, https:\/\/www.an-na-design.com\/webseite\/wp-content\/uploads\/2019\/11\/StartupValley-Logo-b1-300x156.jpg 300w\" sizes=\"auto, (max-width: 100px) 100vw, 100px\" \/>StartupValley Magazin &#8211; Europas gro\u00dfes Magazin f\u00fcr Startups, Gr\u00fcnder und Entrepreneure<\/p>\n\n\n\n<div style=\"height:20px\" aria-hidden=\"true\" class=\"wp-block-spacer\"><\/div>\n\n\n\n<hr class=\"wp-block-separator has-css-opacity\"\/>\n\n\n\n<div style=\"height:100px\" aria-hidden=\"true\" class=\"wp-block-spacer\"><\/div>\n\n\n\n<p><strong>Female Founders, 29. November 2019, Sabine Els\u00e4sser<\/strong><\/p>\n\n\n\n<h2 class=\"wp-block-heading\"><strong>AN-NA Design Manufaktur: Exklusive, kunstvoll gestaltete Kissen in limitierter Auflage<\/strong><\/h2>\n\n\n\n<h3 class=\"wp-block-heading\"><strong>Stellen Sie sich und das Startup AN-NA Design doch kurz unseren Lesern vor!<\/strong><\/h3>\n\n\n\n<p>AN-NA Design ist eine kleine Manufaktur im Bergischen Land und steht f\u00fcr kunstvoll gestaltete Wohn-Kissen in limitierter Auflage. Mein Name ist Anna von der Heiden, Gr\u00fcnderin und kreativer Kopf des Labels. Als 50plus-Startup bin ich sehr gl\u00fccklich damit, genau mein Ding zu machen.<br><br>Neben den Kissen habe ich seit dem Sommer 2019 die Idee f\u00fcr einen weiteren Gesch\u00e4ftszweig: Individuell&nbsp; gestaltetes Wand-Design f\u00fcr Design-Hotels, Restaurants, Arztpraxen, \u00f6ffentliche R\u00e4ume. Das Konzept ist in der Entwicklung, erste Entw\u00fcrfe gibt es bei Instagram ( @an_na_design_label ). Geplant sind, wie bei den Kissen, limitierte Auflagen.<\/p>\n\n\n\n<h3 class=\"wp-block-heading\"><strong>Warum haben Sie sich entschlossen ein Unternehmen zu gr\u00fcnden?<\/strong><\/h3>\n\n\n\n<p>Kurzfassung: Meine Kreativit\u00e4t wollte sich austoben. Und zwar deutlich st\u00e4rker, als ich es bis dahin nebenberuflich tun konnte. Nach 32 Jahren administrativer T\u00e4tigkeiten im Lufthansa-Konzern, inklusive einer Ausbildung zur Luftverkehrskauffrau, habe ich meinem Drang nach Kunst und Design nachgegeben. Bis dahin war ich als Coach, K\u00fcnstlerin und Kunstdozentin schon nebenberuflich t\u00e4tig, mit Genehmigung des Arbeitgebers.<br><br>Ich wollte zu 100% selbstbestimmt arbeiten und meine Talente zur Geltung bringen. Also habe ich einfach kombiniert, was ich am liebsten mache: Kunst, Design, Schreiben, Fotografieren, meine Affinit\u00e4t zu Stoffen ausleben, mit meinem besonderen Farbgef\u00fchl etwas kreieren.<\/p>\n\n\n\n<h3 class=\"wp-block-heading\"><strong>Was war bei der Gr\u00fcndung von AN-NA Design die gr\u00f6\u00dfte Herausforderung?<\/strong><\/h3>\n\n\n\n<p><strong>Mehrere Punkte:&nbsp;<\/strong><br>Der Lernprozess, dass manche Dinge ein Eigenleben haben und nicht alles straight planbar ist. Dann m\u00fcssen Ziele angepasst werden.<br>Das Durchhalten.<br>Die finanzielle Anforderung, m\u00f6glichst viel selber zu machen. Und auf der anderen Seite die Erkenntnis, manches Know-how einkaufen zu m\u00fcssen, weil mein Tag nur 24 Stunden hat und ich viel kann, aber nicht alles.<br>Und damit die \u2026<br>\u2026 Finanzierung meiner Gesch\u00e4ftsidee<\/p>\n\n\n\n<h3 class=\"wp-block-heading\"><strong>Kann man mit einer Idee starten, wenn noch nicht alles perfekt ist?<\/strong><\/h3>\n\n\n\n<p>Ich glaube, das muss man manchmal, ab einem gewissen Zeitpunkt der Planung. Denn eine Startup-Realisierung ist ein Prozess, der zumindest Monate dauert. Man kann versuchen, so viel wie m\u00f6glich zu planen, das ist auch super wichtig. Aber durch meine Kontakte zu Gr\u00fcnder-Netzwerken und aufgrund eigener Erfahrungen habe ich gelernt: Es geh\u00f6rt einfach dazu, dass Unvorhergesehenes auftaucht. Am besten setzt man sich ein Ziel und mehrere Zwischenziele. Und lernt, dass Ziele nie in Beton gegossen sind, sondern manchmal angepasst werden m\u00fcssen. Da sind Flexibilit\u00e4t und Kreativit\u00e4t gefragt.<\/p>\n\n\n\n<h3 class=\"wp-block-heading\"><strong>Welche Vision steckt hinter AN-NA Design?<br><\/strong><\/h3>\n\n\n\n<figure class=\"wp-block-image size-large\"><a href=\"https:\/\/www.an-na-design.com\/webseite\/wp-content\/uploads\/2020\/01\/AN-NA-Design-im-Interview-mit-StartupValley-1.jpg\"><img loading=\"lazy\" decoding=\"async\" width=\"1024\" height=\"819\" src=\"https:\/\/an-na-design.com\/webseite\/wp-content\/uploads\/2020\/02\/AN-NA-Design-im-Interview-mit-StartupValley-1-1024x819.jpg\" alt=\"\" class=\"wp-image-3755\" srcset=\"https:\/\/www.an-na-design.com\/webseite\/wp-content\/uploads\/2020\/02\/AN-NA-Design-im-Interview-mit-StartupValley-1-1024x819.jpg 1024w, https:\/\/www.an-na-design.com\/webseite\/wp-content\/uploads\/2020\/02\/AN-NA-Design-im-Interview-mit-StartupValley-1-800x640.jpg 800w, https:\/\/www.an-na-design.com\/webseite\/wp-content\/uploads\/2020\/02\/AN-NA-Design-im-Interview-mit-StartupValley-1-300x240.jpg 300w, https:\/\/www.an-na-design.com\/webseite\/wp-content\/uploads\/2020\/02\/AN-NA-Design-im-Interview-mit-StartupValley-1-768x614.jpg 768w, https:\/\/www.an-na-design.com\/webseite\/wp-content\/uploads\/2020\/02\/AN-NA-Design-im-Interview-mit-StartupValley-1.jpg 1350w\" sizes=\"auto, (max-width: 1024px) 100vw, 1024px\" \/><\/a><figcaption class=\"wp-element-caption\">AN-NA Design im Interview mit dem Magazin StartupValley<\/figcaption><\/figure>\n\n\n\n<p>Die Vision des individuellen Wohnens. Das ist auch schon die Kern-Aussage.<br>AN-NA Design richtet sich an Menschen, die ihre Pers\u00f6nlichkeit auch in ihrer Einrichtung ausdr\u00fccken m\u00f6chten. Meine Kissen vermitteln im Optimalfall ein Lebensgef\u00fchl.<\/p>\n\n\n\n<h3 class=\"wp-block-heading\"><strong>Wer ist die Zielgruppe von AN-NA Design?<\/strong><\/h3>\n\n\n\n<p>Menschen, die kreative und hochwertige Einrichtungsideen fernab vom Mainstream lieben, sind meine Zielgruppe. Umgesetzt werden diese Wohn-Ideen eher von einer Altersgruppe 40plus.<\/p>\n\n\n\n<h3 class=\"wp-block-heading\"><strong>Was ist das Besondere an den Kissen? Was unterscheidet Sie von anderen Anbietern?<\/strong><\/h3>\n\n\n\n<p>Ich gestalte meine Kissen mit Leidenschaft und meiner individuellen Note. Das macht sie unverwechselbar. Ins Auge fallen das k\u00fcnstlerische Design, eine spezielle Farbigkeit, der Mix aus Interieur- und Kleiderstoffen. Hinzu kommen au\u00dfergew\u00f6hnliche Formate und eine hohe Qualit\u00e4t.<br><br>\u201eMade in Germany\u201c ist Teil meiner Unternehmensphilosophie, genauso wie \u201egefertigt zu fairen Konditionen\u201c. Mein Konzept der limitierten Anzahl je Design ist einzigartig.&nbsp;<\/p>\n\n\n\n<h3 class=\"wp-block-heading\"><strong>AN-NA Design, wo geht der Weg hin? Wo sehen Sie sich in f\u00fcnf Jahren?<\/strong><\/h3>\n\n\n\n<p>Zur Zeit besch\u00e4ftige ich mich mit dem Thema \u201eUnternehmensfinanzierung ohne Kredit\u201c. Bisher habe ich alles aus eigenen Mitteln finanziert. Mein \u00e4ltester Sohn hat sehr viel mitgearbeitet und meine Website aufgebaut, f\u00fcr weiteren Support hat er aufgrund eines Job-Wechsels leider keine Zeit mehr.<br><br>Also stehen oben auf der Liste Website-Support, Stoffe, \u2026 Die neue Kissen-Produktlinie Limited Editions soll erweitert werden.&nbsp;Als weitere Produktlinie ist eine Eco Line geplant. Ich kann mir sehr gut vorstellen, in Zusammenarbeit mit Herstellern hochwertiger Sitzm\u00f6bel Kissen zu entwerfen. Und ich arbeite an der Realisierung meines individuellen Wand-Designs.<br><br>Mein 5-Jahres-Ziel f\u00fcr die Kissen: Mein Label ist so etabliert, dass Kissen von AN-NA Design nachgefragt werden, weil es eben AN-NA Kissen sind.&nbsp;Ein&nbsp; ambitioniertes Ziel, aber: Vor 3 Wochen habe ich mit Pressearbeit begonnen und&nbsp; jetzt schon mehrere Interview-Anfragen erhalten, unter anderem von einer gro\u00dfen deutschen Frauenzeitschrift. Auf jeden Fall ein Beweis daf\u00fcr, dass meine Kissen besonders sind.<\/p>\n\n\n\n<h3 class=\"wp-block-heading\"><strong>Zum Schluss: Welche 3 Tipps w\u00fcrden Sie angehenden Gr\u00fcnderinnen mit auf den Weg geben?<\/strong><\/h3>\n\n\n\n<p>Mir hilft schon seit Jahren bei Planung und Zieldefinition ein Buch: Der Ratgeber \u201eWishcraft\u201c von US-Autorin und Coach Barbara Sher. Es ist erstmals 1978 erschienen, in einer Zeit vor dem Internet. Die Sprache ist ein wenig old fashioned, und doch bietet es hervorragende Tools, um eigene Ziele zu definieren, auf eine unkonventionelle und umfassende Art.<br>Es hilft, Prozesse zu planen, sie Schritt f\u00fcr Schritt umzusetzen und sich von seinem \u201einneren Schweinehund\u201c nicht unterkriegen zu lassen. Den jeder hat \u2013 auch das habe ich durch das Buch gelernt.&nbsp;<br>Ein Rat vor allem f\u00fcr Startups in kreativen Bereichen: Die Wichtigkeit von strukturierter Planung und den hohen Anteil an administrativen T\u00e4tigkeiten nicht untersch\u00e4tzen, sich eventuell dabei unterst\u00fctzen lassen.&nbsp;<br>Netzwerktreffen und Weiterbildungsangebote von IHK und Wirtschaftsf\u00f6rderung f\u00fcr Gr\u00fcnder\/-innen wahrnehmen. Es gibt in einigen Regionen inzwischen sogar Erfolgsteams nach Barbara Sher, die von IHK bzw. Wirtschaftsf\u00f6rderungen betreut werden.<br><br>Bildquelle Fotografin: Susanne Ne\u00dfh\u00f6ver<br>Weitere Informationen finden Sie&nbsp;<a href=\"https:\/\/www.an-na-design.com\/\">hier<\/a>: https:\/\/www.an-na-design.com\/webseite\/<br><br>Wir bedanken uns bei Anna von der Heiden f\u00fcr das Interview<br>Aussagen des Autors und des Interviewpartners geben nicht unbedingt die Meinung der Redaktion und des Verlags wieder<br><br><strong>Sabine Els\u00e4sser<\/strong><br>Sabine Els\u00e4sser is founder and chief editor of the StartupValleyNews Magazine. She started her career at several international direct sale companys. Since 2007 she works main time as a journalist. While that time she learned more about the Startup Scene, what made her start her own Startup Magazine the StartupValleyNews.<br><br>Copyright \u00a9 2019 StartupValley Media &amp; Publishing. All rights reserved.<\/p>\n","protected":false},"excerpt":{"rendered":"<p>StartupValley Magazin &#8211; Europas gro\u00dfes Magazin f\u00fcr Startups, Gr\u00fcnder und Entrepreneure Female Founders, 29. November 2019, Sabine Els\u00e4sser AN-NA Design Manufaktur: Exklusive, kunstvoll gestaltete Kissen in limitierter Auflage Stellen Sie sich und das Startup AN-NA Design doch kurz unseren Lesern vor! AN-NA Design ist eine kleine Manufaktur im Bergischen Land und steht f\u00fcr kunstvoll gestaltete [&#8230;] <a href=\"https:\/\/www.an-na-design.com\/webseite\/interview-mit-an-na-design-im-magazin-startupvalley\/\">weiterlesen<\/a><\/p>\n","protected":false},"author":1,"featured_media":0,"comment_status":"open","ping_status":"open","sticky":false,"template":"","format":"standard","meta":{"footnotes":""},"categories":[1],"tags":[],"class_list":["post-3436","post","type-post","status-publish","format-standard","hentry","category-unkategorisiert"],"_links":{"self":[{"href":"https:\/\/www.an-na-design.com\/webseite\/wp-json\/wp\/v2\/posts\/3436","targetHints":{"allow":["GET"]}}],"collection":[{"href":"https:\/\/www.an-na-design.com\/webseite\/wp-json\/wp\/v2\/posts"}],"about":[{"href":"https:\/\/www.an-na-design.com\/webseite\/wp-json\/wp\/v2\/types\/post"}],"author":[{"embeddable":true,"href":"https:\/\/www.an-na-design.com\/webseite\/wp-json\/wp\/v2\/users\/1"}],"replies":[{"embeddable":true,"href":"https:\/\/www.an-na-design.com\/webseite\/wp-json\/wp\/v2\/comments?post=3436"}],"version-history":[{"count":1,"href":"https:\/\/www.an-na-design.com\/webseite\/wp-json\/wp\/v2\/posts\/3436\/revisions"}],"predecessor-version":[{"id":5366,"href":"https:\/\/www.an-na-design.com\/webseite\/wp-json\/wp\/v2\/posts\/3436\/revisions\/5366"}],"wp:attachment":[{"href":"https:\/\/www.an-na-design.com\/webseite\/wp-json\/wp\/v2\/media?parent=3436"}],"wp:term":[{"taxonomy":"category","embeddable":true,"href":"https:\/\/www.an-na-design.com\/webseite\/wp-json\/wp\/v2\/categories?post=3436"},{"taxonomy":"post_tag","embeddable":true,"href":"https:\/\/www.an-na-design.com\/webseite\/wp-json\/wp\/v2\/tags?post=3436"}],"curies":[{"name":"wp","href":"https:\/\/api.w.org\/{rel}","templated":true}]}}