{"id":3411,"date":"2019-11-16T15:24:08","date_gmt":"2019-11-16T14:24:08","guid":{"rendered":"http:\/\/www.an-na-design.com\/webseite\/?p=3411"},"modified":"2024-03-01T12:34:12","modified_gmt":"2024-03-01T11:34:12","slug":"an-na-design-bericht-im-lifestyle-magazin-imag-11-2019","status":"publish","type":"post","link":"https:\/\/www.an-na-design.com\/webseite\/an-na-design-bericht-im-lifestyle-magazin-imag-11-2019\/","title":{"rendered":"AN-NA Design: Artikel im Lifestyle Magazin IMAG, 11\/2019"},"content":{"rendered":"\n<hr class=\"wp-block-separator has-css-opacity\"\/>\n\n\n\n<div style=\"height:20px\" aria-hidden=\"true\" class=\"wp-block-spacer\"><\/div>\n\n\n\n<div class=\"wp-block-columns is-layout-flex wp-container-core-columns-is-layout-9d6595d7 wp-block-columns-is-layout-flex\">\n<div class=\"wp-block-column is-layout-flow wp-block-column-is-layout-flow\">\n<div style=\"height:20px\" aria-hidden=\"true\" class=\"wp-block-spacer\"><\/div>\n\n\n\n<p>IMAG ist das regionale Landstyle-Magazin f\u00fcr Rhein-Sieg-Kreis, Westerwald und Bergisches Land. Die Ausgabe Winter 2019\/2020 bringt als Themen-Schwerpunkt mehrere Beitr\u00e4ge zu Handwerk.<br>Ich freue mich sehr, dass ein\u00a0ausf\u00fchrlicher Artikel \u00fcber meine Manufaktur AN-NA Design dabei ist.<\/p>\n\n\n\n<p><br><\/p>\n\n\n<div class=\"wp-block-image\">\n<figure class=\"aligncenter\"><img loading=\"lazy\" decoding=\"async\" width=\"246\" height=\"350\" src=\"https:\/\/an-na-design.com\/webseite\/wp-content\/uploads\/2020\/02\/cover_iMAG04-winter.jpg\" alt=\"\" class=\"wp-image-3751\" srcset=\"https:\/\/www.an-na-design.com\/webseite\/wp-content\/uploads\/2020\/02\/cover_iMAG04-winter.jpg 246w, https:\/\/www.an-na-design.com\/webseite\/wp-content\/uploads\/2020\/02\/cover_iMAG04-winter-211x300.jpg 211w\" sizes=\"auto, (max-width: 246px) 100vw, 246px\" \/><figcaption class=\"wp-element-caption\">IMAG Lifestyle Magazin <\/figcaption><\/figure>\n<\/div><\/div>\n<\/div>\n\n\n\n<div style=\"height:20px\" aria-hidden=\"true\" class=\"wp-block-spacer\"><\/div>\n\n\n\n<div class=\"wp-block-buttons is-layout-flex wp-block-buttons-is-layout-flex\">\n<div class=\"wp-block-button\"><a class=\"wp-block-button__link has-white-color has-vivid-cyan-blue-background-color has-text-color has-background wp-element-button\" href=\"https:\/\/www.an-na-design.com\/webseite\/shop\/\" style=\"border-radius:0px\">zu den Kissen von AN-NA Design<\/a><\/div>\n<\/div>\n\n\n\n<hr class=\"wp-block-separator has-css-opacity\"\/>\n\n\n\n<div style=\"height:20px\" aria-hidden=\"true\" class=\"wp-block-spacer\"><\/div>\n\n\n\n<div class=\"wp-block-media-text alignwide is-stacked-on-mobile\"><figure class=\"wp-block-media-text__media\"><img loading=\"lazy\" decoding=\"async\" width=\"724\" height=\"1024\" src=\"https:\/\/an-na-design.com\/webseite\/wp-content\/uploads\/2020\/02\/AN-NA-Design-Kissen-724x1024.jpg\" alt=\"\" class=\"wp-image-3741 size-full\" srcset=\"https:\/\/www.an-na-design.com\/webseite\/wp-content\/uploads\/2020\/02\/AN-NA-Design-Kissen-724x1024.jpg 724w, https:\/\/www.an-na-design.com\/webseite\/wp-content\/uploads\/2020\/02\/AN-NA-Design-Kissen-212x300.jpg 212w, https:\/\/www.an-na-design.com\/webseite\/wp-content\/uploads\/2020\/02\/AN-NA-Design-Kissen.jpg 764w\" sizes=\"auto, (max-width: 724px) 100vw, 724px\" \/><\/figure><div class=\"wp-block-media-text__content\">\n<p class=\"has-large-font-size\">Text der Presse-Mitteilung<\/p>\n\n\n\n<p><strong>Malerische Kulisse f\u00fcr Spielfilm-Dreh und Kissen-Fotoshooting<br><\/strong><br>Anna von der Heiden ist Gr\u00fcnderin des Interieur-Labels AN-NA Design. Ihre neuesten Wohn-Kissen durfte sie auf dem herbstlichen Hof T\u00fcschenbonnen fotografieren.<br>Die historische Hofanlage war noch vor wenigen Wochen Kulisse f\u00fcr einen Spielfilm-Dreh des WDR.<br><br>Im Film ist es die Eifel, tats\u00e4chlich das Bergische Land: Teile des Films \u201eMeine Mutter macht mich fertig\u201c wurden hier gedreht. Der Fachwerkhof mit 5000 qm Park befindet sich in Privatbesitz. Die Besitzer Ute Brehm und ihr Mann Michael Schr\u00f6ter haben in 20 Jahren den Hof aufw\u00e4ndig restauriert und einen Traum-Garten angelegt.<br>Brehms weitere Leidenschaft gilt dem Interieur Design. Sie unterrichtet M\u00f6bel-Design in K\u00f6ln. Und sie findet, dass AN-NA Design Kissen besonders gut in das historische Ambiente ihres Hofes passen. AN-NA Design stammt ebenfalls aus dem Bergischen Land.&nbsp; Die kleine Kissen-Manufaktur ist ein Startup mit au\u00dfergew\u00f6hnlichem Konzept. <br><br>Es bietet Kissen als Unikate an &#8211; oder als Limited Editions bis 100 St\u00fcck. Alle Kissen sind handgefertigt in Deutschland. Das wird zertifiziert. Die neue Produktlinie Limited Editions geht in wenigen Tagen an den Start.<br>Au\u00dfergew\u00f6hnlich sind AN-NA Design Kissen auch wegen ihrer Farbigkeit. Man sieht, dass Anna von der Heiden K\u00fcnstlerin ist. Ihre St\u00e4rke ist die Farbe. Das Konzept von&nbsp;AN-NA Design ist in Deutschland einmalig.<\/p>\n<\/div><\/div>\n\n\n\n<div style=\"height:20px\" aria-hidden=\"true\" class=\"wp-block-spacer\"><\/div>\n","protected":false},"excerpt":{"rendered":"<p>IMAG, das regionales Lifestyle-Magazin f\u00fcr Rhein-Sieg-Kreis, Westerwald und Bergisches Land. Die Ausgabe Winter 2019\/2020 bringt einen Artikel \u00fcber die Kissen von AN-NA Design.<br \/>\nHerzlichen Dank an das Team von IMAG.<\/p>\n","protected":false},"author":1,"featured_media":0,"comment_status":"open","ping_status":"open","sticky":false,"template":"","format":"standard","meta":{"footnotes":""},"categories":[1],"tags":[128,152,153,154,155,92,156,157,158,159,160,161,162,163,164,95,165,166,167,169,172,173,100,174],"class_list":["post-3411","post","type-post","status-publish","format-standard","hentry","category-unkategorisiert","tag-an-na-design","tag-anna-von-der-heiden","tag-bergisches-land","tag-cushion","tag-exclusive","tag-exklusiv","tag-fashion","tag-filmdreh","tag-filmkulisse","tag-geschenk","tag-hof-tueschenbonnen","tag-imag","tag-imag-magazin","tag-interieur","tag-interior","tag-kunst","tag-kuenstlerin","tag-lifestyle","tag-limited-edition","tag-manufaktur","tag-pressemitteilung","tag-spielfilm","tag-stoff","tag-wdr"],"_links":{"self":[{"href":"https:\/\/www.an-na-design.com\/webseite\/wp-json\/wp\/v2\/posts\/3411","targetHints":{"allow":["GET"]}}],"collection":[{"href":"https:\/\/www.an-na-design.com\/webseite\/wp-json\/wp\/v2\/posts"}],"about":[{"href":"https:\/\/www.an-na-design.com\/webseite\/wp-json\/wp\/v2\/types\/post"}],"author":[{"embeddable":true,"href":"https:\/\/www.an-na-design.com\/webseite\/wp-json\/wp\/v2\/users\/1"}],"replies":[{"embeddable":true,"href":"https:\/\/www.an-na-design.com\/webseite\/wp-json\/wp\/v2\/comments?post=3411"}],"version-history":[{"count":3,"href":"https:\/\/www.an-na-design.com\/webseite\/wp-json\/wp\/v2\/posts\/3411\/revisions"}],"predecessor-version":[{"id":6217,"href":"https:\/\/www.an-na-design.com\/webseite\/wp-json\/wp\/v2\/posts\/3411\/revisions\/6217"}],"wp:attachment":[{"href":"https:\/\/www.an-na-design.com\/webseite\/wp-json\/wp\/v2\/media?parent=3411"}],"wp:term":[{"taxonomy":"category","embeddable":true,"href":"https:\/\/www.an-na-design.com\/webseite\/wp-json\/wp\/v2\/categories?post=3411"},{"taxonomy":"post_tag","embeddable":true,"href":"https:\/\/www.an-na-design.com\/webseite\/wp-json\/wp\/v2\/tags?post=3411"}],"curies":[{"name":"wp","href":"https:\/\/api.w.org\/{rel}","templated":true}]}}