{"id":2929,"date":"2015-11-25T21:54:11","date_gmt":"2015-11-25T20:54:11","guid":{"rendered":"http:\/\/www.an-na-design.com\/webseite\/?p=1320"},"modified":"2021-02-14T18:26:29","modified_gmt":"2021-02-14T17:26:29","slug":"kunstausstellung-kultur-trifft-culture-im-forschungszentrum-caesar-bonn","status":"publish","type":"post","link":"https:\/\/www.an-na-design.com\/webseite\/kunstausstellung-kultur-trifft-culture-im-forschungszentrum-caesar-bonn\/","title":{"rendered":"Kunstausstellung &#8222;Kultur trifft culture&#8220; im Forschungs-Zentrum caesar, Bonn"},"content":{"rendered":"<p><strong>Einladung<\/strong><\/p>\n<p>Der <a href=\"https:\/\/www.internationalerkuenstlerverein.com\/\">Internationale K\u00fcnstlerverein IKV<\/a> veranstaltet eine Kunstausstellung in dem Bonner Forschungsinstitut caesar.<!--more--><br \/>\nVernissage und Er\u00f6ffnung der Kunstausstellung: Sonntag, 29. November 2015, 11.00 Uhr.<br \/>\nDauer: 30.11.2015 bis 22.01.2016. Die Werke k\u00f6nnen besichtigt werden wochentags Montag &#8211; Freitag, 9 &#8211; 16 Uhr.<br \/>\nIn den modernen R\u00e4umlichkeiten des Forschungsinstituts <a href=\"http:\/\/www.caesar.de\/\">caesar<\/a> zeigen insgesamt 22 K\u00fcnstler des IKV ihre sehr unterschiedlichen Arbeiten, alle zum gleichen Thema: &#8222;Kultur trifft culture&#8220;. Auf die verschiedenen Interpretationen und Sichtweisen darf man gespannt sein.<\/p>\n<figure id=\"attachment_2489\" aria-describedby=\"caption-attachment-2489\" style=\"width: 300px\" class=\"wp-caption alignleft\"><a href=\"https:\/\/www.an-na-design.com\/webseite\/wp-content\/uploads\/2015\/11\/2015-11-25-IKV-caesar-046.jpg\"><img loading=\"lazy\" decoding=\"async\" class=\"size-medium wp-image-2489\" src=\"https:\/\/www.an-na-design.com\/webseite\/wp-content\/uploads\/2015\/11\/2015-11-25-IKV-caesar-046-300x199.jpg\" alt=\"Kunstausstellung Forschungszentrum caesar, Bonn, AN-NA Design\" width=\"300\" height=\"199\" \/><\/a><figcaption id=\"caption-attachment-2489\" class=\"wp-caption-text\">Kunstausstellung Forschungszentrum caesar, Bonn, AN-NA Design<\/figcaption><\/figure>\n<figure id=\"attachment_2487\" aria-describedby=\"caption-attachment-2487\" style=\"width: 300px\" class=\"wp-caption alignleft\"><a href=\"https:\/\/www.an-na-design.com\/webseite\/wp-content\/uploads\/2015\/11\/2015-11-25-IKV-caesar-044.jpg\"><img loading=\"lazy\" decoding=\"async\" class=\"size-medium wp-image-2487\" src=\"https:\/\/www.an-na-design.com\/webseite\/wp-content\/uploads\/2015\/11\/2015-11-25-IKV-caesar-044-300x199.jpg\" alt=\"Kunstausstellung Forschungszentrum caesar, Bonn, AN-NA Design\" width=\"300\" height=\"199\" \/><\/a><figcaption id=\"caption-attachment-2487\" class=\"wp-caption-text\">Kunstausstellung Forschungszentrum caesar, Bonn, AN-NA Design<\/figcaption><\/figure>\n<p><strong><br class=\"clear\" \/>Gro\u00dfe Bandbreite unterschiedlicher Werke<\/strong><\/p>\n<p>Mein Beitrag: Ein Textildruck in der Gr\u00f6\u00dfe 1,50 (Breite) x 3,00 m (H\u00f6he). Ich habe einen eigenen Text auf eine Stoffbahn gedruckt (mit Buchstaben-Stempeln und Gouache-Farbe). Eine schlichte Aussage, die eher ironisch gemeint ist und sich gegen eine heutige Modebewegung richtet. Besser gesagt dagegen, einfach kritiklos der gro\u00dfen Masse zu folgen und alles immer so zu machen, wie &#8222;die Anderen&#8220; das machen.<br \/>\nSeit etwa einem Jahr bin ich Mitglied des K\u00fcnstlervereins IKV und freue mich, hier teilnehmen zu d\u00fcrfen.<br \/>\nDie Ausstellung ist Teil des Rahmenprogramms zur Feier des 20j\u00e4hrigen Bestehens von caesar. Das Rahmenprogramm startete mit Beginn des Jahres 2015. Unser Event bildet (fast) den Abschluss.<\/p>\n<figure id=\"attachment_2492\" aria-describedby=\"caption-attachment-2492\" style=\"width: 199px\" class=\"wp-caption alignleft\"><a href=\"https:\/\/www.an-na-design.com\/webseite\/wp-content\/uploads\/2015\/11\/2015-11-25-IKV-caesar-025GIMP.jpg\"><img loading=\"lazy\" decoding=\"async\" class=\"size-medium wp-image-2492\" src=\"https:\/\/www.an-na-design.com\/webseite\/wp-content\/uploads\/2015\/11\/2015-11-25-IKV-caesar-025GIMP-199x300.jpg\" alt=\"Kunstausstellung Forschungszentrum caesar, Bonn, AN-NA Design\" width=\"199\" height=\"300\" \/><\/a><figcaption id=\"caption-attachment-2492\" class=\"wp-caption-text\">Kunstausstellung Forschungszentrum caesar, Bonn, AN-NA Design<\/figcaption><\/figure>\n<figure id=\"attachment_2491\" aria-describedby=\"caption-attachment-2491\" style=\"width: 199px\" class=\"wp-caption alignleft\"><a href=\"https:\/\/www.an-na-design.com\/webseite\/wp-content\/uploads\/2015\/11\/2015-11-25-IKV-caesar-026.jpg\"><img loading=\"lazy\" decoding=\"async\" class=\"size-medium wp-image-2491\" src=\"https:\/\/www.an-na-design.com\/webseite\/wp-content\/uploads\/2015\/11\/2015-11-25-IKV-caesar-026-199x300.jpg\" alt=\"Kunstausstellung Forschungszentrum caesar, Bonn, AN-NA Design\" width=\"199\" height=\"300\" \/><\/a><figcaption id=\"caption-attachment-2491\" class=\"wp-caption-text\">Kunstausstellung Forschungszentrum caesar, Bonn, AN-NA Design<\/figcaption><\/figure>\n<p><br class=\"clear\" \/>Heute wurden die Werke der IKV-K\u00fcnstler in den tollen R\u00e4umlichkeiten von caesar aufgeh\u00e4ngt bzw. platziert. Es gibt Malerei, Skulpturen, Fotografien und Textildruck. Die Werke f\u00fcgen sich hervorragend in das moderne Ambiente des Geb\u00e4udes ein, das gepr\u00e4gt ist von Glasfronten, Stahl und Licht. Ein Besuch lohnt sich!<\/p>\n","protected":false},"excerpt":{"rendered":"<p>Einladung Der Internationale K\u00fcnstlerverein IKV veranstaltet eine Kunstausstellung in dem Bonner Forschungsinstitut caesar.<\/p>\n","protected":false},"author":2,"featured_media":2487,"comment_status":"open","ping_status":"open","sticky":false,"template":"","format":"standard","meta":{"footnotes":""},"categories":[1],"tags":[],"class_list":["post-2929","post","type-post","status-publish","format-standard","has-post-thumbnail","hentry","category-unkategorisiert"],"_links":{"self":[{"href":"https:\/\/www.an-na-design.com\/webseite\/wp-json\/wp\/v2\/posts\/2929","targetHints":{"allow":["GET"]}}],"collection":[{"href":"https:\/\/www.an-na-design.com\/webseite\/wp-json\/wp\/v2\/posts"}],"about":[{"href":"https:\/\/www.an-na-design.com\/webseite\/wp-json\/wp\/v2\/types\/post"}],"author":[{"embeddable":true,"href":"https:\/\/www.an-na-design.com\/webseite\/wp-json\/wp\/v2\/users\/2"}],"replies":[{"embeddable":true,"href":"https:\/\/www.an-na-design.com\/webseite\/wp-json\/wp\/v2\/comments?post=2929"}],"version-history":[{"count":2,"href":"https:\/\/www.an-na-design.com\/webseite\/wp-json\/wp\/v2\/posts\/2929\/revisions"}],"predecessor-version":[{"id":4560,"href":"https:\/\/www.an-na-design.com\/webseite\/wp-json\/wp\/v2\/posts\/2929\/revisions\/4560"}],"wp:featuredmedia":[{"embeddable":true,"href":"https:\/\/www.an-na-design.com\/webseite\/wp-json\/"}],"wp:attachment":[{"href":"https:\/\/www.an-na-design.com\/webseite\/wp-json\/wp\/v2\/media?parent=2929"}],"wp:term":[{"taxonomy":"category","embeddable":true,"href":"https:\/\/www.an-na-design.com\/webseite\/wp-json\/wp\/v2\/categories?post=2929"},{"taxonomy":"post_tag","embeddable":true,"href":"https:\/\/www.an-na-design.com\/webseite\/wp-json\/wp\/v2\/tags?post=2929"}],"curies":[{"name":"wp","href":"https:\/\/api.w.org\/{rel}","templated":true}]}}