{"id":1357,"date":"2015-12-31T13:03:47","date_gmt":"2015-12-31T12:03:47","guid":{"rendered":"http:\/\/www.an-na-design.com\/webseite\/?p=1357"},"modified":"2021-02-14T18:32:58","modified_gmt":"2021-02-14T17:32:58","slug":"jahresabschlussaufraeumgedanken","status":"publish","type":"post","link":"https:\/\/www.an-na-design.com\/webseite\/jahresabschlussaufraeumgedanken\/","title":{"rendered":"Jahresabschluss &#8211; Gedanken"},"content":{"rendered":"<h4>Wozu gute Vors\u00e4tze?!<\/h4>\n<p>Wahrscheinlich geh\u00f6re ich zu einer Minderheit, die keine guten Vors\u00e4tze f\u00fcr das neue Jahr hat.<!--more--><br \/>\nDie ersten beiden Positionen auf der \u00fcblichen Liste tangieren mich nicht. Ich habe noch nie an einer Zigarette gezogen. Da muss ich mir auch nichts abgew\u00f6hnen. Und in den letzten Wochen habe ich ganz von allein einige Kilo abgenommen. Wie viele? Keine Ahnung. Kurz vorher ging meine Waage kaputt, sie wurde ersatzlos ausgemustert. Ich wei\u00df nur, dass meine Kleidung lockerer sitzt und mein K\u00f6rpergef\u00fchl gut ist. Warum also t\u00e4glich auf die Waage latschen?<\/p>\n<h4>Ziele anpassen<\/h4>\n<p>Alles, was ich in diesem Jahr nicht schaffe, wird im n\u00e4chsten erledigt. Da bin ich gelassener geworden.<br \/>\nWas ich gerne Anfang 2016 machen m\u00f6chte: Meine selbst gesteckten Ziele \u00fcberpr\u00fcfen. Sind Anpassungen sinnvoll? Eine gute Hilfe bei der Definition von Zielen und bei deren Anpassung ist der Ratgeber \u201eWishcraft\u201c (Die Kraft des W\u00fcnschens) von Barbara Sher.<\/p>\n<h4>German Angst<\/h4>\n<p>Wenn ich auf 2015 zur\u00fcckblicke, dann beherrschte vor allem das Thema Fl\u00fcchtlinge die Nachrichten und zunehmend auch die privaten Gespr\u00e4che. Vor einem Jahr hielt ich einen Vortrag zum Thema \u201eWunscherf\u00fcllung\u201c vor einer Runde von Unternehmerinnen. In der Vorbereitung habe ich recherchiert und bin, da ich wei\u00df, dass W\u00fcnsche und \u00c4ngste eng miteinander verkn\u00fcpft sind, auf den Begriff <a href=\"https:\/\/de.wikipedia.org\/wiki\/German_Angst\">\u201eGerman Angst\u201c<\/a> gesto\u00dfen. Wir Deutsche sind im Ausland tats\u00e4chlich nicht nur ber\u00fchmt f\u00fcr unser Sauerkraut, sondern auch daf\u00fcr, dass wir \u00fcberproportional viel Angst haben. Dieses Verhalten wird von anderen Nationen als so \u00fcberreaktion\u00e4r empfunden, dass es zu einer eigenen Begrifflichkeit gef\u00fchrt hat. Das k\u00f6nnte uns zum Nachdenken anregen. Und vielleicht vor Augen halten, dass es auch anders geht.<\/p>\n<figure id=\"attachment_2497\" aria-describedby=\"caption-attachment-2497\" style=\"width: 199px\" class=\"wp-caption alignleft\"><a href=\"https:\/\/www.an-na-design.com\/webseite\/wp-content\/uploads\/2015\/12\/2015-12-31-Weihnachtgen-082.jpg\"><img loading=\"lazy\" decoding=\"async\" class=\"wp-image-2497 size-medium\" src=\"https:\/\/www.an-na-design.com\/webseite\/wp-content\/uploads\/2015\/12\/2015-12-31-Weihnachtgen-082-199x300.jpg\" alt=\"Jahresabschlussgedanken AN-NA Design\" width=\"199\" height=\"300\" \/><\/a><figcaption id=\"caption-attachment-2497\" class=\"wp-caption-text\">Sichtweisen: Vielleicht sieht das eigene Leben zur Zeit so aus &#8230;<\/figcaption><\/figure>\n<figure id=\"attachment_2499\" aria-describedby=\"caption-attachment-2499\" style=\"width: 199px\" class=\"wp-caption alignleft\"><a href=\"https:\/\/www.an-na-design.com\/webseite\/wp-content\/uploads\/2015\/12\/2015-12-31-Weihnachtgen-067.jpg\"><img loading=\"lazy\" decoding=\"async\" class=\"wp-image-2499 size-medium\" src=\"https:\/\/www.an-na-design.com\/webseite\/wp-content\/uploads\/2015\/12\/2015-12-31-Weihnachtgen-067-199x300.jpg\" alt=\"Jahresabschlussgedanken AN-NA Design\" width=\"199\" height=\"300\" \/><\/a><figcaption id=\"caption-attachment-2499\" class=\"wp-caption-text\">&#8230; mit einem kleinen Schritt zur\u00fcck und etwas Abstand &#8230;<\/figcaption><\/figure>\n<figure id=\"attachment_2498\" aria-describedby=\"caption-attachment-2498\" style=\"width: 199px\" class=\"wp-caption alignleft\"><a href=\"https:\/\/www.an-na-design.com\/webseite\/wp-content\/uploads\/2015\/12\/2015-12-31-Weihn.-GIMP-100.jpg\"><img loading=\"lazy\" decoding=\"async\" class=\"wp-image-2498 size-medium\" src=\"https:\/\/www.an-na-design.com\/webseite\/wp-content\/uploads\/2015\/12\/2015-12-31-Weihn.-GIMP-100-199x300.jpg\" alt=\"Jahresabschlussgedanken AN-NA Design\" width=\"199\" height=\"300\" \/><\/a><figcaption id=\"caption-attachment-2498\" class=\"wp-caption-text\">&#8230; und wenn man etwas nach oben schaut und noch einen Schritt zur\u00fcckgeht &#8230;<\/figcaption><\/figure>\n<p><br class=\"clear\" \/>Auf mich wirkt es so, als ob bei der derzeitigen Stimmungsmache gegen Fl\u00fcchtlinge \u00c4ngste aufgegriffen werden, die sowieso schon diffus vorhanden waren. Und diese \u00c4ngste erhalten \u201eeinfach\u201c ein neues Ziel. Wenn es das Thema Fl\u00fcchtlinge nicht g\u00e4be, dann h\u00e4tten die Deutschen vor etwas anderem Angst.<\/p>\n<p>W\u00fcnschenswert in meinen Augen: Mehr Bewusstsein entwickeln und mehr Bereitschaft, andere Denkweisen zuzulassen. Und vor allem: Mehr <a href=\"https:\/\/de.wikipedia.org\/wiki\/Empathie\">Empathie<\/a>.<\/p>\n<h4>Deutschland \u2013 empathiefreie Zone?<\/h4>\n<p>Ist es wirklich so schwer, sich in die Situation einzelner Menschen hineinzuversetzen? W\u00e4re meine Familie, w\u00e4ren meine Kinder seit Jahren akut von Krieg und Gewalt bedroht, ich w\u00fcrde alles daf\u00fcr tun, um ihnen ein besseres Leben zu bieten \u2013 oder \u00fcberhaupt ein \u00dcberleben. Auch wenn das bedeutet, in ein anderes Land und eine ungewisse Zukunft zu gehen.<\/p>\n<p>Und ja, ich bin bereit, von dem, was ich habe, etwas abzugeben, um Fl\u00fcchtlinge zu unterst\u00fctzen. Das bezieht sich nicht nur auf auf meinen pers\u00f6nlichen Besitz, sondern vor allem auf meine Zeit und meine F\u00e4higkeiten. Zum Gl\u00fcck denken viele so wie ich, die Welle der Hilfsbereitschaft h\u00e4lt an.<\/p>\n<p>\u201eSei Du selbst die Ver\u00e4nderung, die Du Dir w\u00fcnschst f\u00fcr diese Welt.\u201c Mahatma Gandhi<\/p>\n","protected":false},"excerpt":{"rendered":"<p>Wozu gute Vors\u00e4tze?! Wahrscheinlich geh\u00f6re ich zu einer Minderheit, die keine guten Vors\u00e4tze f\u00fcr das neue Jahr hat.<\/p>\n","protected":false},"author":2,"featured_media":2499,"comment_status":"open","ping_status":"open","sticky":false,"template":"","format":"standard","meta":{"footnotes":""},"categories":[1],"tags":[],"class_list":["post-1357","post","type-post","status-publish","format-standard","has-post-thumbnail","hentry","category-unkategorisiert"],"_links":{"self":[{"href":"https:\/\/www.an-na-design.com\/webseite\/wp-json\/wp\/v2\/posts\/1357","targetHints":{"allow":["GET"]}}],"collection":[{"href":"https:\/\/www.an-na-design.com\/webseite\/wp-json\/wp\/v2\/posts"}],"about":[{"href":"https:\/\/www.an-na-design.com\/webseite\/wp-json\/wp\/v2\/types\/post"}],"author":[{"embeddable":true,"href":"https:\/\/www.an-na-design.com\/webseite\/wp-json\/wp\/v2\/users\/2"}],"replies":[{"embeddable":true,"href":"https:\/\/www.an-na-design.com\/webseite\/wp-json\/wp\/v2\/comments?post=1357"}],"version-history":[{"count":1,"href":"https:\/\/www.an-na-design.com\/webseite\/wp-json\/wp\/v2\/posts\/1357\/revisions"}],"predecessor-version":[{"id":4561,"href":"https:\/\/www.an-na-design.com\/webseite\/wp-json\/wp\/v2\/posts\/1357\/revisions\/4561"}],"wp:featuredmedia":[{"embeddable":true,"href":"https:\/\/www.an-na-design.com\/webseite\/wp-json\/"}],"wp:attachment":[{"href":"https:\/\/www.an-na-design.com\/webseite\/wp-json\/wp\/v2\/media?parent=1357"}],"wp:term":[{"taxonomy":"category","embeddable":true,"href":"https:\/\/www.an-na-design.com\/webseite\/wp-json\/wp\/v2\/categories?post=1357"},{"taxonomy":"post_tag","embeddable":true,"href":"https:\/\/www.an-na-design.com\/webseite\/wp-json\/wp\/v2\/tags?post=1357"}],"curies":[{"name":"wp","href":"https:\/\/api.w.org\/{rel}","templated":true}]}}