{"id":1172,"date":"2015-08-19T17:50:01","date_gmt":"2015-08-19T15:50:01","guid":{"rendered":"http:\/\/www.an-na-design.com\/webseite\/?p=1172"},"modified":"2021-02-14T18:23:43","modified_gmt":"2021-02-14T17:23:43","slug":"op-art-design-meets-kissen-unikate","status":"publish","type":"post","link":"https:\/\/www.an-na-design.com\/webseite\/op-art-design-meets-kissen-unikate\/","title":{"rendered":"Op-Art-Design meets Kissen-Unikate"},"content":{"rendered":"<p>Die Stoff-Kunst von De Lacroix hat es mir angetan! Ich sah den Stoff zum ersten Mal, als ich die Vernissage von<br \/>\n<a href=\"http:\/\/www.wand-raum.com\/\">Wand &amp; Raum<\/a> im Mai besuchte. Und es war Liebe auf den ersten Blick. Jetzt habe ich beschlossen, diesen Velours Faconn\u00e9 in meinen Kissen-Unikaten zu verarbeiten.<\/p>\n<p><!--more--><\/p>\n<p>Bei meinem letzten Besuch bei Wand &amp; Raum w\u00e4hlte ich weitere Stoffe aus, die zu dem Op-Art-Design passen. F\u00fcr meine Kissen ist es wichtig, dass alle Elemente auf einer relativ kleinen Fl\u00e4che gut wirken k\u00f6nnen. Daher kommen in der Regel nur kleingemusterte oder unifarbene Stoffe in Frage.<\/p>\n<p>Aufgrund seines strengen, grafischen Musters und der Farbgebung wirkt der Velours fast dreidimensional. Zus\u00e4tzlich habe ich mich f\u00fcr drei weitere Stoffe entschieden. Zwei ungemusterte: Einen Rips in beige-grau, der das Beige aus dem Velours aufgreift, und einen changierenden Atlas in lila-blau. Der dritte hat wieder ein streng grafisches Muster, es ist ein bestickter, lilafarbener Taft.<\/p>\n<figure id=\"attachment_1642\" aria-describedby=\"caption-attachment-1642\" style=\"width: 199px\" class=\"wp-caption alignleft\"><a href=\"https:\/\/www.an-na-design.com\/webseite\/wp-content\/uploads\/2015\/08\/Blog-Stoffe-WR-1-Medium.jpg\"><img loading=\"lazy\" decoding=\"async\" class=\"wp-image-1642 size-medium\" src=\"https:\/\/www.an-na-design.com\/webseite\/wp-content\/uploads\/2015\/08\/Blog-Stoffe-WR-1-Medium-199x300.jpg\" alt=\"Op-Art-Design von De Lacroix in schwarz-wei\u00df-beige, zusammen mit dem lilafarbenen Taft\" width=\"199\" height=\"300\" \/><\/a><figcaption id=\"caption-attachment-1642\" class=\"wp-caption-text\">Op-Art-Design von De Lacroix in schwarz-wei\u00df-beige, zusammen mit dem lilafarbenen Taft<\/figcaption><\/figure>\n<figure id=\"attachment_1641\" aria-describedby=\"caption-attachment-1641\" style=\"width: 300px\" class=\"wp-caption alignleft\"><a href=\"https:\/\/www.an-na-design.com\/webseite\/wp-content\/uploads\/2015\/08\/Blog-Stoffe-WR-2-Medium.jpg\"><img loading=\"lazy\" decoding=\"async\" class=\"wp-image-1641 size-medium\" src=\"https:\/\/www.an-na-design.com\/webseite\/wp-content\/uploads\/2015\/08\/Blog-Stoffe-WR-2-Medium-300x199.jpg\" alt=\"Alle vier neuen Stoffe. Gut erkennbar ist die unterschiedliche Haptik.\" width=\"300\" height=\"199\" \/><\/a><figcaption id=\"caption-attachment-1641\" class=\"wp-caption-text\">Alle vier neuen Stoffe. Gut erkennbar ist die unterschiedliche Haptik.<\/figcaption><\/figure>\n<figure id=\"attachment_1640\" aria-describedby=\"caption-attachment-1640\" style=\"width: 199px\" class=\"wp-caption alignleft\"><a href=\"https:\/\/www.an-na-design.com\/webseite\/wp-content\/uploads\/2015\/08\/Blog-Stoffe-WR-4-Medium.jpg\"><img loading=\"lazy\" decoding=\"async\" class=\"wp-image-1640 size-medium\" src=\"https:\/\/www.an-na-design.com\/webseite\/wp-content\/uploads\/2015\/08\/Blog-Stoffe-WR-4-Medium-199x300.jpg\" alt=\"Stoffe mit Design-Element\" width=\"199\" height=\"300\" \/><\/a><figcaption id=\"caption-attachment-1640\" class=\"wp-caption-text\">Stoffe mit Design-Element<\/figcaption><\/figure>\n<h4 style=\"text-align: left;\"><strong>Die Verarbeitung in meinen Kissen<\/strong><\/h4>\n<p>Die Stoffe werde ich unterschiedlich kombiniert verarbeiten. In einigen Kissen-H\u00fcllen vielleicht nur zwei oder drei verschiedene. Und ich m\u00f6chte den bestickten Taft mit dem Velours von De Lacroix so kombinieren, dass sie direkt aneinandergef\u00fcgt werden \u2013 das ist sicher ein etwas spezielles Design, das Mut erfordert. Nicht meinen, aber vielleicht Ihren, wenn Sie eines der Kissen erwerben. Ich finde, es passt hervorragend. Auch wenn diese Kombi etwas schr\u00e4g aussieht. Auf jeden Fall ist es ein Hingucker.<\/p>\n","protected":false},"excerpt":{"rendered":"<p>Die Stoff-Kunst von De Lacroix hat es mir angetan! Ich sah den Stoff zum ersten Mal, als ich die Vernissage von Wand &amp; Raum im Mai besuchte. Und es war Liebe auf den ersten Blick. Jetzt habe ich beschlossen, diesen Velours Faconn\u00e9 in meinen Kissen-Unikaten zu verarbeiten.<\/p>\n","protected":false},"author":2,"featured_media":1641,"comment_status":"open","ping_status":"open","sticky":false,"template":"","format":"standard","meta":{"footnotes":""},"categories":[1],"tags":[128,129,89,130,131,132,95,133,100,135,136,104,137],"class_list":["post-1172","post","type-post","status-publish","format-standard","has-post-thumbnail","hentry","category-unkategorisiert","tag-an-na-design","tag-de-lacroix","tag-design","tag-kissen","tag-kissen-unikat","tag-kissen-unikate","tag-kunst","tag-op-art-design","tag-stoff","tag-stoffdesign","tag-textildesign","tag-wand-raum","tag-wand-und-raum"],"_links":{"self":[{"href":"https:\/\/www.an-na-design.com\/webseite\/wp-json\/wp\/v2\/posts\/1172","targetHints":{"allow":["GET"]}}],"collection":[{"href":"https:\/\/www.an-na-design.com\/webseite\/wp-json\/wp\/v2\/posts"}],"about":[{"href":"https:\/\/www.an-na-design.com\/webseite\/wp-json\/wp\/v2\/types\/post"}],"author":[{"embeddable":true,"href":"https:\/\/www.an-na-design.com\/webseite\/wp-json\/wp\/v2\/users\/2"}],"replies":[{"embeddable":true,"href":"https:\/\/www.an-na-design.com\/webseite\/wp-json\/wp\/v2\/comments?post=1172"}],"version-history":[{"count":1,"href":"https:\/\/www.an-na-design.com\/webseite\/wp-json\/wp\/v2\/posts\/1172\/revisions"}],"predecessor-version":[{"id":4557,"href":"https:\/\/www.an-na-design.com\/webseite\/wp-json\/wp\/v2\/posts\/1172\/revisions\/4557"}],"wp:featuredmedia":[{"embeddable":true,"href":"https:\/\/www.an-na-design.com\/webseite\/wp-json\/"}],"wp:attachment":[{"href":"https:\/\/www.an-na-design.com\/webseite\/wp-json\/wp\/v2\/media?parent=1172"}],"wp:term":[{"taxonomy":"category","embeddable":true,"href":"https:\/\/www.an-na-design.com\/webseite\/wp-json\/wp\/v2\/categories?post=1172"},{"taxonomy":"post_tag","embeddable":true,"href":"https:\/\/www.an-na-design.com\/webseite\/wp-json\/wp\/v2\/tags?post=1172"}],"curies":[{"name":"wp","href":"https:\/\/api.w.org\/{rel}","templated":true}]}}