{"id":1150,"date":"2015-07-26T07:06:37","date_gmt":"2015-07-26T05:06:37","guid":{"rendered":"http:\/\/www.an-na-design.com\/webseite\/?p=1150"},"modified":"2020-02-19T21:52:22","modified_gmt":"2020-02-19T20:52:22","slug":"kunstausstellung-im-pumpwerk-in-siegburg","status":"publish","type":"post","link":"https:\/\/www.an-na-design.com\/webseite\/kunstausstellung-im-pumpwerk-in-siegburg\/","title":{"rendered":"Kunstausstellung im Pumpwerk in Siegburg"},"content":{"rendered":"<p>Gerade erhielt ich eine Mitteilung des Vorstands des Kunstvereins Rhein-Sieg. Die Beitr\u00e4ge f\u00fcr die diesj\u00e4hrige Mitgliederausstellung im August\/September wurden ausgew\u00e4hlt. Ich nehme mit dem folgenden Bild teil:<!--more--><\/p>\n<figure id=\"attachment_1669\" aria-describedby=\"caption-attachment-1669\" style=\"width: 900px\" class=\"wp-caption alignleft\"><a href=\"https:\/\/www.an-na-design.com\/webseite\/wp-content\/uploads\/2015\/07\/Pumpwerk-Bewerbung.jpg\"><img loading=\"lazy\" decoding=\"async\" class=\"wp-image-1669 size-large\" src=\"https:\/\/www.an-na-design.com\/webseite\/wp-content\/uploads\/2015\/07\/Pumpwerk-Bewerbung-1024x641.jpg\" alt=\"Informelle Malerei auf Leinwand, Aquarellfarbe und Kreiden auf Acryl, 50 x 70 cm, ohne Titel\" width=\"900\" height=\"563\" \/><\/a><figcaption id=\"caption-attachment-1669\" class=\"wp-caption-text\">Informelle Malerei auf Leinwand,<br \/> Aquarellfarbe und Kreiden auf Acryl,<br \/> 50 x 70 cm,<br \/> ohne Titel<\/figcaption><\/figure>\n<h4><strong>Vernissage<\/strong><\/h4>\n<p>Die Ausstellung wird am 15. August um 16.00 Uhr er\u00f6ffnet. Sie dauert bis zum 25. September.<br \/>\n\u00d6ffnungszeiten und Anfahrt: <a href=\"http:\/\/www.kunstverein-rheinsieg.de\/ausstellung\/\">http:\/\/www.kunstverein-rheinsieg.de\/ausstellung\/ <\/a><\/p>\n<p>Hier sind zwei weitere Beispiele f\u00fcr meine informelle Malerei:<\/p>\n<figure id=\"attachment_1668\" aria-describedby=\"caption-attachment-1668\" style=\"width: 247px\" class=\"wp-caption alignleft\"><a href=\"https:\/\/www.an-na-design.com\/webseite\/wp-content\/uploads\/2015\/07\/Leinwand-2004-blau-mit-gruen-rot.jpg\"><img loading=\"lazy\" decoding=\"async\" class=\"size-medium wp-image-1668\" src=\"https:\/\/www.an-na-design.com\/webseite\/wp-content\/uploads\/2015\/07\/Leinwand-2004-blau-mit-gruen-rot-247x300.jpg\" alt=\"Gouache und Aquarellfarbe auf Leinwand\" width=\"247\" height=\"300\" \/><\/a><figcaption id=\"caption-attachment-1668\" class=\"wp-caption-text\">Gouache und Aquarellfarbe auf Leinwand<\/figcaption><\/figure>\n<figure id=\"attachment_1670\" aria-describedby=\"caption-attachment-1670\" style=\"width: 433px\" class=\"wp-caption alignleft\"><a href=\"https:\/\/www.an-na-design.com\/webseite\/wp-content\/uploads\/2015\/07\/3er-Serie-Licht-gruen-grau-Tupfen.jpg\"><img loading=\"lazy\" decoding=\"async\" class=\"wp-image-1670\" src=\"https:\/\/www.an-na-design.com\/webseite\/wp-content\/uploads\/2015\/07\/3er-Serie-Licht-gruen-grau-Tupfen-300x206.jpg\" alt=\"Gouache, Acryl, Aquarellstift und Kreiden auf Papier\" width=\"433\" height=\"298\" \/><\/a><figcaption id=\"caption-attachment-1670\" class=\"wp-caption-text\">Gouache, Acryl, Aquarellstift und Kreiden auf Papier<\/figcaption><\/figure>\n<p>&nbsp;<\/p>\n","protected":false},"excerpt":{"rendered":"<p>Gerade erhielt ich eine Mitteilung des Vorstands des Kunstvereins Rhein-Sieg. Die Beitr\u00e4ge f\u00fcr die diesj\u00e4hrige Mitgliederausstellung im August\/September wurden ausgew\u00e4hlt. Ich nehme mit dem folgenden Bild teil:<\/p>\n","protected":false},"author":2,"featured_media":1669,"comment_status":"open","ping_status":"open","sticky":false,"template":"","format":"standard","meta":{"footnotes":""},"categories":[1],"tags":[119,120,121,122,95,123,124,126,127,102],"class_list":["post-1150","post","type-post","status-publish","format-standard","has-post-thumbnail","hentry","category-unkategorisiert","tag-ausstellung","tag-bild","tag-informell","tag-informelle-malerei","tag-kunst","tag-kunstverein-rhein-sieg","tag-malerei","tag-pumpwerk","tag-siegburg","tag-vernissage"],"_links":{"self":[{"href":"https:\/\/www.an-na-design.com\/webseite\/wp-json\/wp\/v2\/posts\/1150","targetHints":{"allow":["GET"]}}],"collection":[{"href":"https:\/\/www.an-na-design.com\/webseite\/wp-json\/wp\/v2\/posts"}],"about":[{"href":"https:\/\/www.an-na-design.com\/webseite\/wp-json\/wp\/v2\/types\/post"}],"author":[{"embeddable":true,"href":"https:\/\/www.an-na-design.com\/webseite\/wp-json\/wp\/v2\/users\/2"}],"replies":[{"embeddable":true,"href":"https:\/\/www.an-na-design.com\/webseite\/wp-json\/wp\/v2\/comments?post=1150"}],"version-history":[{"count":0,"href":"https:\/\/www.an-na-design.com\/webseite\/wp-json\/wp\/v2\/posts\/1150\/revisions"}],"wp:featuredmedia":[{"embeddable":true,"href":"https:\/\/www.an-na-design.com\/webseite\/wp-json\/"}],"wp:attachment":[{"href":"https:\/\/www.an-na-design.com\/webseite\/wp-json\/wp\/v2\/media?parent=1150"}],"wp:term":[{"taxonomy":"category","embeddable":true,"href":"https:\/\/www.an-na-design.com\/webseite\/wp-json\/wp\/v2\/categories?post=1150"},{"taxonomy":"post_tag","embeddable":true,"href":"https:\/\/www.an-na-design.com\/webseite\/wp-json\/wp\/v2\/tags?post=1150"}],"curies":[{"name":"wp","href":"https:\/\/api.w.org\/{rel}","templated":true}]}}