{"id":1123,"date":"2015-07-13T23:57:17","date_gmt":"2015-07-13T21:57:17","guid":{"rendered":"http:\/\/www.an-na-design.com\/webseite\/?p=1123"},"modified":"2015-07-13T23:57:17","modified_gmt":"2015-07-13T21:57:17","slug":"lieblingsorte-maastricht-1","status":"publish","type":"post","link":"https:\/\/www.an-na-design.com\/webseite\/lieblingsorte-maastricht-1\/","title":{"rendered":"Lieblingsorte: Maastricht &#8211; 1"},"content":{"rendered":"<p>Warum \u201eMaastricht &#8211; 1\u201c?<br \/>\nWeil ich ganz sicher h\u00e4ufiger \u00fcber Maastricht berichten werde. Definitiv einer meiner Lieblingsorte.<br \/>\nEs gibt eine wundersch\u00f6ne Innenstadt, weitgehend Fu\u00dfg\u00e4ngerzone. Zahlreiche historische Geb\u00e4ude (ganz genau 1660), viele Gesch\u00e4fte, Restaurants und Caf\u00e9s. <!--more-->Der f\u00fcr mich typische Charme der Niederlande ist hier \u00fcberall sp\u00fcrbar.<br \/>\nIch erreiche Maastricht nach relativ kurzer Fahrzeit. Daher eignet es sich super f\u00fcr einen Tagesausflug. Wenn ich kurzfristig Abwechslung brauche, neues Design sehen m\u00f6chte, oder meine Seele einfach Farben tanken will. Denn:<\/p>\n<h4><strong>Es ist alles so sch\u00f6n bunt hier!<\/strong><\/h4>\n<p>In den Niederlanden hat man eine spezielle Beziehung zu Farbe und Design. Mein Eindruck: Selbst Alltagsgegenst\u00e4nde f\u00fcr K\u00fcche oder E\u00dfzimmer sind stylischer als bei uns. Und bunter. Ausdruck eines anderen Lebensgef\u00fchls vielleicht. Fluffiger. Seid Ihr fluffiger als wir Deutschen, liebe Niederl\u00e4nder?<\/p>\n<figure id=\"attachment_1676\" aria-describedby=\"caption-attachment-1676\" style=\"width: 300px\" class=\"wp-caption alignleft\"><a href=\"https:\/\/www.an-na-design.com\/webseite\/wp-content\/uploads\/2015\/07\/Tutus-1.jpg\"><img loading=\"lazy\" decoding=\"async\" class=\"size-medium wp-image-1676\" src=\"https:\/\/www.an-na-design.com\/webseite\/wp-content\/uploads\/2015\/07\/Tutus-1-300x225.jpg\" alt=\"Ein Schnickes-Laden, erstaunlicherweise mit Tutus\" width=\"300\" height=\"225\" \/><\/a><figcaption id=\"caption-attachment-1676\" class=\"wp-caption-text\">Ein Schnickes-Laden, erstaunlicherweise mit Tutus<\/figcaption><\/figure>\n<figure id=\"attachment_1681\" aria-describedby=\"caption-attachment-1681\" style=\"width: 300px\" class=\"wp-caption alignleft\"><a href=\"https:\/\/www.an-na-design.com\/webseite\/wp-content\/uploads\/2015\/07\/Design-Messe-Maastricht-2.jpg\"><img loading=\"lazy\" decoding=\"async\" class=\"size-medium wp-image-1681\" src=\"https:\/\/www.an-na-design.com\/webseite\/wp-content\/uploads\/2015\/07\/Design-Messe-Maastricht-2-300x225.jpg\" alt=\"Pink bis es quietscht. Und der Spruch ist gut!\" width=\"300\" height=\"225\" \/><\/a><figcaption id=\"caption-attachment-1681\" class=\"wp-caption-text\">Pink bis es quietscht. Und der Spruch ist gut!<\/figcaption><\/figure>\n<p><figure id=\"attachment_1675\" aria-describedby=\"caption-attachment-1675\" style=\"width: 300px\" class=\"wp-caption alignleft\"><a href=\"https:\/\/www.an-na-design.com\/webseite\/wp-content\/uploads\/2015\/07\/Tutus-2.jpg\"><img loading=\"lazy\" decoding=\"async\" class=\"size-medium wp-image-1675\" src=\"https:\/\/www.an-na-design.com\/webseite\/wp-content\/uploads\/2015\/07\/Tutus-2-300x225.jpg\" alt=\"... noch mehr Tutus\" width=\"300\" height=\"225\" \/><\/a><figcaption id=\"caption-attachment-1675\" class=\"wp-caption-text\">&#8230; noch mehr Tutus<\/figcaption><\/figure><br \/>\n<br class=\"clear\" \/><\/p>\n<h4>Zur\u00fcck zur Maastrichter Innenstadt:<\/h4>\n<p>Neben den \u00fcblichen Ketten (H&amp;M, Hollister, Douglas, &#8230;) gibt es viele kleine Boutiquen f\u00fcr Kleidung und vor allem L\u00e4den f\u00fcr Inneneinrichtung. Von quietschbuntem Schnickes bis zu hochwertigen Designm\u00f6beln und \u2013leuchten. Das Besondere an diesen Gesch\u00e4ften: Die sehr individuelle Einrichtung und Stilgebung.<\/p>\n<h4><strong>Kleiner Exkurs: Schnickes<\/strong><\/h4>\n<p>Wissen denn auch alle Nicht-Rheinl\u00e4nder, was das ist? Habe gerade gegoogelt: Das Wort scheint es noch nicht bis zu Wikipedia geschafft zu haben. Warum eigentlich?<br \/>\nIch kenne keinen analogen Ausdruck, au\u00dfer vielleicht \u201eStaubf\u00e4nger\u201c. Aber das ist so unangemessen negativ. Und dass mir ja niemand Schnickes mit Kitsch gleichsetzt! Es gibt durchaus graduelle Unterschiede. Schnickes <em>kann<\/em>, im Gegensatz zu Kitsch, gut aussehen. Eine Gemeinsamkeit: Schnickes ist auf jeden Fall auch komplett \u00fcberfl\u00fcssig.<br \/>\nMein Verh\u00e4ltnis zu Schnickes: Ich liebe ihn. Vor allem, wenn er so schr\u00e4g ist, dass ich beim Betrachten schon leichte Zahnschmerzen bekomme. Mir reicht es allerdings oft, ihn in Gesch\u00e4ften anzusehen. Bei mir zu Hause ist Schnickes nur sehr selektiv vertreten. Wichtig: Er muss Style haben und auf eine (vielleicht nur mir zug\u00e4ngliche) Weise sch\u00f6n sein.<\/p>\n<figure id=\"attachment_1678\" aria-describedby=\"caption-attachment-1678\" style=\"width: 225px\" class=\"wp-caption alignleft\"><a href=\"https:\/\/www.an-na-design.com\/webseite\/wp-content\/uploads\/2015\/07\/Maastricht-Hunde.jpg\"><img loading=\"lazy\" decoding=\"async\" class=\"size-medium wp-image-1678\" src=\"https:\/\/www.an-na-design.com\/webseite\/wp-content\/uploads\/2015\/07\/Maastricht-Hunde-225x300.jpg\" alt=\"...ist alles so sch\u00f6n bunt hier\" width=\"225\" height=\"300\" \/><\/a><figcaption id=\"caption-attachment-1678\" class=\"wp-caption-text\">&#8230;ist alles so sch\u00f6n bunt hier<\/figcaption><\/figure>\n<figure id=\"attachment_1682\" aria-describedby=\"caption-attachment-1682\" style=\"width: 225px\" class=\"wp-caption alignleft\"><a href=\"https:\/\/www.an-na-design.com\/webseite\/wp-content\/uploads\/2015\/07\/Boutique-Kronleuchter.jpg\"><img loading=\"lazy\" decoding=\"async\" class=\"size-medium wp-image-1682\" src=\"https:\/\/www.an-na-design.com\/webseite\/wp-content\/uploads\/2015\/07\/Boutique-Kronleuchter-225x300.jpg\" alt=\"Kleidung mit Kronleuchter\" width=\"225\" height=\"300\" \/><\/a><figcaption id=\"caption-attachment-1682\" class=\"wp-caption-text\">Kleidung mit Kronleuchter<\/figcaption><\/figure>\n<figure id=\"attachment_1680\" aria-describedby=\"caption-attachment-1680\" style=\"width: 225px\" class=\"wp-caption alignleft\"><a href=\"https:\/\/www.an-na-design.com\/webseite\/wp-content\/uploads\/2015\/07\/Design-Messe-Maastricht.jpg\"><img loading=\"lazy\" decoding=\"async\" class=\"size-medium wp-image-1680\" src=\"https:\/\/www.an-na-design.com\/webseite\/wp-content\/uploads\/2015\/07\/Design-Messe-Maastricht-225x300.jpg\" alt=\"Eine typische Stra\u00dfenansicht\" width=\"225\" height=\"300\" \/><\/a><figcaption id=\"caption-attachment-1680\" class=\"wp-caption-text\">Eine typische Stra\u00dfenansicht<\/figcaption><\/figure>\n<figure id=\"attachment_1679\" aria-describedby=\"caption-attachment-1679\" style=\"width: 225px\" class=\"wp-caption alignleft\"><a href=\"https:\/\/www.an-na-design.com\/webseite\/wp-content\/uploads\/2015\/07\/Gluehbirnen.jpg\"><img loading=\"lazy\" decoding=\"async\" class=\"size-medium wp-image-1679\" src=\"https:\/\/www.an-na-design.com\/webseite\/wp-content\/uploads\/2015\/07\/Gluehbirnen-225x300.jpg\" alt=\"Selbstgefertige Leuchten\" width=\"225\" height=\"300\" \/><\/a><figcaption id=\"caption-attachment-1679\" class=\"wp-caption-text\">Selbstgefertige Leuchten<\/figcaption><\/figure>\n<figure id=\"attachment_1677\" aria-describedby=\"caption-attachment-1677\" style=\"width: 300px\" class=\"wp-caption alignleft\"><a href=\"https:\/\/www.an-na-design.com\/webseite\/wp-content\/uploads\/2015\/07\/Street-Art-Maastricht.jpg\"><img loading=\"lazy\" decoding=\"async\" class=\"size-medium wp-image-1677\" src=\"https:\/\/www.an-na-design.com\/webseite\/wp-content\/uploads\/2015\/07\/Street-Art-Maastricht-300x225.jpg\" alt=\"Eine andere Facette von Maastricht: Street Art an alter Fabrik, etwas au\u00dferhalb des Zentrums\" width=\"300\" height=\"225\" \/><\/a><figcaption id=\"caption-attachment-1677\" class=\"wp-caption-text\">Eine andere Facette von Maastricht: Street Art an alter Fabrik, etwas au\u00dferhalb des Zentrums<\/figcaption><\/figure>\n<p>&nbsp;<\/p>\n<h4><strong>Ma\u00dfgeblich f\u00fcr die Wohlf\u00fchl-Stimmung in Maastricht<\/strong><\/h4>\n<p>sind wahrscheinlich auch die zahlreichen Studenten. Die Uni Maastricht hat 7 Fakult\u00e4ten und 16.000 Studierende. Daneben gibt es die \u201eMaastricht Academy of Fine Arts and Design\u201c. Deren Studenten und Absolventen veranstalten regelm\u00e4\u00dfig in wechselnden Locations gro\u00dfe und kleinere Design-Events. Ich finde, dass diese Ereignisse im Web, auch auf den Seiten der Stadt Maastricht, deutlich breiter angek\u00fcndigt werden k\u00f6nnten. Alternativ gibt es \u00fcberall in Gesch\u00e4ften und Caf\u00e9s Flyer. Mit etwas Gl\u00fcck liest man sie rechtzeitig und kann den n\u00e4chsten Ausflug entsprechend planen.<\/p>\n","protected":false},"excerpt":{"rendered":"<p>Warum \u201eMaastricht &#8211; 1\u201c? Weil ich ganz sicher h\u00e4ufiger \u00fcber Maastricht berichten werde. Definitiv einer meiner Lieblingsorte. Es gibt eine wundersch\u00f6ne Innenstadt, weitgehend Fu\u00dfg\u00e4ngerzone. Zahlreiche historische Geb\u00e4ude (ganz genau 1660), viele Gesch\u00e4fte, Restaurants und Caf\u00e9s.<\/p>\n","protected":false},"author":2,"featured_media":1676,"comment_status":"open","ping_status":"open","sticky":false,"template":"","format":"standard","meta":{"footnotes":""},"categories":[1],"tags":[89,105,106,90,107,108,109,111,112,113,114,115,116,117,118],"class_list":["post-1123","post","type-post","status-publish","format-standard","has-post-thumbnail","hentry","category-unkategorisiert","tag-design","tag-design-lampe","tag-design-moebel","tag-design-event","tag-designleuchten","tag-designmoebel","tag-kitsch","tag-maastricht","tag-maastricht-academy-of-fine-arts-and-design","tag-niederlande","tag-schnickes","tag-style","tag-stylisch","tag-tagesausflug","tag-universitaet-maastricht"],"_links":{"self":[{"href":"https:\/\/www.an-na-design.com\/webseite\/wp-json\/wp\/v2\/posts\/1123","targetHints":{"allow":["GET"]}}],"collection":[{"href":"https:\/\/www.an-na-design.com\/webseite\/wp-json\/wp\/v2\/posts"}],"about":[{"href":"https:\/\/www.an-na-design.com\/webseite\/wp-json\/wp\/v2\/types\/post"}],"author":[{"embeddable":true,"href":"https:\/\/www.an-na-design.com\/webseite\/wp-json\/wp\/v2\/users\/2"}],"replies":[{"embeddable":true,"href":"https:\/\/www.an-na-design.com\/webseite\/wp-json\/wp\/v2\/comments?post=1123"}],"version-history":[{"count":0,"href":"https:\/\/www.an-na-design.com\/webseite\/wp-json\/wp\/v2\/posts\/1123\/revisions"}],"wp:featuredmedia":[{"embeddable":true,"href":"https:\/\/www.an-na-design.com\/webseite\/wp-json\/"}],"wp:attachment":[{"href":"https:\/\/www.an-na-design.com\/webseite\/wp-json\/wp\/v2\/media?parent=1123"}],"wp:term":[{"taxonomy":"category","embeddable":true,"href":"https:\/\/www.an-na-design.com\/webseite\/wp-json\/wp\/v2\/categories?post=1123"},{"taxonomy":"post_tag","embeddable":true,"href":"https:\/\/www.an-na-design.com\/webseite\/wp-json\/wp\/v2\/tags?post=1123"}],"curies":[{"name":"wp","href":"https:\/\/api.w.org\/{rel}","templated":true}]}}